{"id":1895,"date":"2016-02-09T16:21:13","date_gmt":"2016-02-09T16:21:13","guid":{"rendered":"http:\/\/coro.paroquiabaixadabanheira.org\/?p=1895"},"modified":"2016-02-17T01:01:28","modified_gmt":"2016-02-17T01:01:28","slug":"uncao-dos-enfermos-dia-do-doente","status":"publish","type":"post","link":"https:\/\/coro.paroquiabaixadabanheira.org\/?p=1895","title":{"rendered":"Un\u00e7\u00e3o dos enfermos (Dia do Doente)"},"content":{"rendered":"<p><strong>C\u00e2nticos para\u00a0a un\u00e7\u00e3o dos enfermos<\/strong><\/p>\n<p>Relembro que no domingos, dia 14 de Fevereiro, para al\u00e9m de cantarmos na eucaristia dominical teremos que estar presentes a tarde\u00a0para cantar na celebra\u00e7\u00e3o do sacramento da un\u00e7\u00e3o dos enfermos, com inicio as 15h. Agrade\u00e7o a participa\u00e7\u00e3o de todos.<\/p>\n<ul>\n<li>Entrada: <a href=\"http:\/\/coro.paroquiabaixadabanheira.org\/reportorio\/entrada\/diz.o.senhor.nosso.deus.pdf\">Diz o Senhor nosso Deus<\/a><\/li>\n<li>M. Penitencial:\u00a0<a href=\"http:\/\/coro.paroquiabaixadabanheira.org\/reportorio\/penitencial\/senhor.tende.piedade.2.pdf\">Senhor, Tende Piedade (Aragu\u00e9s)<\/a><\/li>\n<li>Salmo\u00a090(91): \u00a0<em><a href=\"http:\/\/www.liturgia.pt\/multimedia\/mp3\/SalmosResponsoriais\/124_Qua01CIDom-EstaiComigo.mp3\">\u201dEstai comigo, Senhor, no meio da adversidade.\u201d<\/a><\/em><\/li>\n<li>Aclama\u00e7\u00e3o: <a href=\"http:\/\/coro.paroquiabaixadabanheira.org\/reportorio\/aclama\/louvor.gloria.vos.cartageno.pdf\">Louvor e Gl\u00f3ria a\u00a0V\u00f3s Cartageno<\/a> <strong>\u201cNem s\u00f3 de p\u00e3o vive o Homem, mas de toda a palavra que sai da boca de Deus\u201d<\/strong><\/li>\n<li>Un\u00e7\u00e3o dos enfermos: <a href=\"http:\/\/coro.paroquiabaixadabanheira.org\/reportorio\/gracas\/o.auxilio.vira.pdf\">O auxilio vir\u00e1<\/a><\/li>\n<li>Un\u00e7\u00e3o dos enfermos: <a href=\"http:\/\/coro.paroquiabaixadabanheira.org\/reportorio\/quaresma\/bendiz.a.minha.alma.o.senhor.pdf\">Bendiz a Minha Alma o Senhor<\/a><\/li>\n<li>Un\u00e7\u00e3o dos enfermos: <a title=\"Taiz\u00e9\" href=\"http:\/\/coro.paroquiabaixadabanheira.org\/reportorio\/baptismo\/tu.es.fonte.de.vida.pdf\">Tu \u00c9s Fonte de Vida<\/a><\/li>\n<li>Un\u00e7\u00e3o dos enfermos: <a href=\"http:\/\/coro.paroquiabaixadabanheira.org\/reportorio\/gracas\/nada.te.perturbe.pdf\">Nada Te Perturbe<\/a><\/li>\n<li>Ofert\u00f3rio: <a href=\"http:\/\/coro.paroquiabaixadabanheira.org\/reportorio\/quaresma\/o.senhor.fez-nos.sair.do.egipto.pdf\">O Senhor Fez-nos Sair do Egipto<\/a><\/li>\n<li>Santo: <a href=\"http:\/\/coro.paroquiabaixadabanheira.org\/reportorio\/santo\/santo.ferreira.santos.pdf\">Santo Ferreira dos Santos<\/a><\/li>\n<li>Cordeiro: <a href=\"http:\/\/coro.paroquiabaixadabanheira.org\/reportorio\/cordeiro\/cordeiro.olindo.marques.pdf\">Cordeiro\u00a0(Olindo Marques)<\/a><\/li>\n<li>Comunh\u00e3o: <a href=\"http:\/\/coro.paroquiabaixadabanheira.org\/reportorio\/comunhao\/nem.so.de.pao.vive.o.homem.pdf\">Nem s\u00f3 de p\u00e3o vive o homem<\/a><\/li>\n<li>Final: <a href=\"http:\/\/coro.paroquiabaixadabanheira.org\/reportorio\/quaresma\/caminharei.na.presenca.do.senhor.sl116.pdf\">Caminharei na Presenca do Senhor<\/a><\/li>\n<\/ul>\n<p>Trazer:<\/p>\n<ul>\n<li><a href=\"http:\/\/coro.paroquiabaixadabanheira.org\/reportorio\/quaresma\/caminha.povo.de.deus.pdf\">Caminha Povo de Deus<\/a><\/li>\n<li><a href=\"http:\/\/coro.paroquiabaixadabanheira.org\/reportorio\/comunhao\/comei.do.pao.pdf\">Comei do P\u00e3o<\/a><\/li>\n<li><a href=\"http:\/\/coro.paroquiabaixadabanheira.org\/reportorio\/diversos\/ninguem.te.ama.como.eu.pdf\">Ningu\u00e9m te ama como Eu<\/a><\/li>\n<\/ul>\n","protected":false},"excerpt":{"rendered":"<p>C\u00e2nticos para\u00a0a un\u00e7\u00e3o dos enfermos Relembro que no domingos, dia 14 de Fevereiro, para al\u00e9m de cantarmos na eucaristia dominical teremos que estar presentes a tarde\u00a0para cantar na celebra\u00e7\u00e3o do sacramento da un\u00e7\u00e3o dos enfermos, com inicio as 15h. Agrade\u00e7o &hellip;<\/p>\n<p class=\"read-more\"> <a class=\"more-link\" href=\"https:\/\/coro.paroquiabaixadabanheira.org\/?p=1895\"> <span class=\"screen-reader-text\">Un\u00e7\u00e3o dos enfermos (Dia do Doente)<\/span> Read More &raquo;<\/a><\/p>\n","protected":false},"author":3,"featured_media":0,"comment_status":"open","ping_status":"open","sticky":false,"template":"","format":"standard","meta":{"footnotes":""},"categories":[3],"tags":[],"class_list":["post-1895","post","type-post","status-publish","format-standard","hentry","category-ensaios"],"_links":{"self":[{"href":"https:\/\/coro.paroquiabaixadabanheira.org\/index.php?rest_route=\/wp\/v2\/posts\/1895","targetHints":{"allow":["GET"]}}],"collection":[{"href":"https:\/\/coro.paroquiabaixadabanheira.org\/index.php?rest_route=\/wp\/v2\/posts"}],"about":[{"href":"https:\/\/coro.paroquiabaixadabanheira.org\/index.php?rest_route=\/wp\/v2\/types\/post"}],"author":[{"embeddable":true,"href":"https:\/\/coro.paroquiabaixadabanheira.org\/index.php?rest_route=\/wp\/v2\/users\/3"}],"replies":[{"embeddable":true,"href":"https:\/\/coro.paroquiabaixadabanheira.org\/index.php?rest_route=%2Fwp%2Fv2%2Fcomments&post=1895"}],"version-history":[{"count":5,"href":"https:\/\/coro.paroquiabaixadabanheira.org\/index.php?rest_route=\/wp\/v2\/posts\/1895\/revisions"}],"predecessor-version":[{"id":1922,"href":"https:\/\/coro.paroquiabaixadabanheira.org\/index.php?rest_route=\/wp\/v2\/posts\/1895\/revisions\/1922"}],"wp:attachment":[{"href":"https:\/\/coro.paroquiabaixadabanheira.org\/index.php?rest_route=%2Fwp%2Fv2%2Fmedia&parent=1895"}],"wp:term":[{"taxonomy":"category","embeddable":true,"href":"https:\/\/coro.paroquiabaixadabanheira.org\/index.php?rest_route=%2Fwp%2Fv2%2Fcategories&post=1895"},{"taxonomy":"post_tag","embeddable":true,"href":"https:\/\/coro.paroquiabaixadabanheira.org\/index.php?rest_route=%2Fwp%2Fv2%2Ftags&post=1895"}],"curies":[{"name":"wp","href":"https:\/\/api.w.org\/{rel}","templated":true}]}}