{"id":1897,"date":"2016-02-09T16:20:28","date_gmt":"2016-02-09T16:20:28","guid":{"rendered":"http:\/\/coro.paroquiabaixadabanheira.org\/?p=1897"},"modified":"2016-02-09T16:20:28","modified_gmt":"2016-02-09T16:20:28","slug":"domingo-i-da-quaresma-7","status":"publish","type":"post","link":"https:\/\/coro.paroquiabaixadabanheira.org\/?p=1897","title":{"rendered":"Domingo I da Quaresma"},"content":{"rendered":"<p><span class=\"Apple-style-span\" style=\"color: #444444; font-family: Times, 'Times New Roman', serif;\"><b><i>Quaresma&#8230;<\/i><\/b><\/span><i><\/i><\/p>\n<div><i><span class=\"Apple-style-span\"><i><span class=\"Apple-style-span\" style=\"color: #666666; font-family: Times, 'Times New Roman', serif;\">Para dar sentido a este per\u00edodo, como prepara\u00e7\u00e3o da P\u00e1scoa, teve certamente grande influ\u00eancia o simbolismo b\u00edblico do n\u00famero quarenta: os epis\u00f3dios de quarenta dias do dil\u00favio, antes da alian\u00e7a com No\u00e9; de Mois\u00e9s e os seus quarenta dias no monte; do Povo de Israel e os seus quarenta anos pelo deserto; de Elias caminhando quarenta dias para o monte do encontro com Deus; e, sobretudo, os quarenta dias de Jesus no deserto, antes de come\u00e7ar a sua miss\u00e3o messi\u00e2nica. Estes epis\u00f3dios t\u00eam em comum o significado de um tempo de prova, de purifica\u00e7\u00e3o e de prepara\u00e7\u00e3o para um acontecimento importante e salvador. \u00abTodos os anos, pelos quarenta dias da Grande Quaresma, a Igreja une-se ao mist\u00e9rio de Jesus no deserto\u00bb (CIC 540).<\/span><\/i><\/span><\/i><\/div>\n<p><strong>C\u00e2nticos para\u00a0o I Domingo\u00a0da Quaresma &#8211;\u00a0Ano C\u00a0(<\/strong><a href=\"http:\/\/www.liturgia.pt\/liturgiadiaria\/dia.php?data=2016-2-14\"><strong>liturgia<\/strong><strong>)<\/strong><\/a><\/p>\n<ul>\n<li>Entrada: <a href=\"http:\/\/coro.paroquiabaixadabanheira.org\/reportorio\/entrada\/diz.o.senhor.nosso.deus.pdf\">Diz o Senhor nosso Deus<\/a><\/li>\n<li>M. Penitencial:\u00a0<a href=\"http:\/\/coro.paroquiabaixadabanheira.org\/reportorio\/penitencial\/senhor.tende.piedade.2.pdf\">Senhor, Tende Piedade (Aragu\u00e9s)<\/a><\/li>\n<li>Salmo\u00a090 (91):\u00a0<em><a href=\"http:\/\/www.liturgia.pt\/multimedia\/mp3\/SalmosResponsoriais\/124_Qua01CIDom-EstaiComigo.mp3\">\u201dEstai comigo, Senhor, no meio da adversidade.\u201d<\/a><\/em><\/li>\n<li>Aclama\u00e7\u00e3o ao Evangelho: \u00a0<a href=\"http:\/\/coro.paroquiabaixadabanheira.org\/reportorio\/aclama\/louvor.gloria.vos.cartageno.pdf\">Louvor e Gl\u00f3ria a\u00a0V\u00f3s Cartageno<\/a>\u00a0 <strong>\u201cNem s\u00f3 de p\u00e3o vive o Homem, mas de toda a palavra que sai da boca de Deus\u201d<\/strong><\/li>\n<li>Apresenta\u00e7\u00e3o dos Dons: <a href=\"http:\/\/coro.paroquiabaixadabanheira.org\/reportorio\/quaresma\/o.senhor.fez-nos.sair.do.egipto.pdf\">O Senhor Fez-nos Sair do Egipto<\/a><\/li>\n<li>Santo: <a href=\"http:\/\/coro.paroquiabaixadabanheira.org\/reportorio\/santo\/santo.ferreira.santos.pdf\">Santo Ferreira dos Santos<\/a><\/li>\n<li>Cordeiro: <a href=\"http:\/\/coro.paroquiabaixadabanheira.org\/reportorio\/cordeiro\/cordeiro.olindo.marques.pdf\">Cordeiro\u00a0(Olindo Marques)<\/a><\/li>\n<li>Comunh\u00e3o: <a href=\"http:\/\/coro.paroquiabaixadabanheira.org\/reportorio\/comunhao\/nem.so.de.pao.vive.o.homem.pdf\">Nem s\u00f3 de p\u00e3o vive o homem<\/a><\/li>\n<li>Final: <a href=\"http:\/\/coro.paroquiabaixadabanheira.org\/reportorio\/quaresma\/caminharei.na.presenca.do.senhor.sl116.pdf\">Caminharei na Presenca do Senhor<\/a><\/li>\n<\/ul>\n<p>Trazer:<\/p>\n<ul>\n<li><a href=\"http:\/\/coro.paroquiabaixadabanheira.org\/reportorio\/quaresma\/caminha.povo.de.deus.pdf\">Caminha Povo de Deus<\/a><\/li>\n<li><a href=\"http:\/\/coro.paroquiabaixadabanheira.org\/reportorio\/comunhao\/comei.do.pao.pdf\">Comei do P\u00e3o<\/a><\/li>\n<\/ul>\n","protected":false},"excerpt":{"rendered":"<p>Quaresma&#8230; Para dar sentido a este per\u00edodo, como prepara\u00e7\u00e3o da P\u00e1scoa, teve certamente grande influ\u00eancia o simbolismo b\u00edblico do n\u00famero quarenta: os epis\u00f3dios de quarenta dias do dil\u00favio, antes da alian\u00e7a com No\u00e9; de Mois\u00e9s e os seus quarenta dias &hellip;<\/p>\n<p class=\"read-more\"> <a class=\"more-link\" href=\"https:\/\/coro.paroquiabaixadabanheira.org\/?p=1897\"> <span class=\"screen-reader-text\">Domingo I da Quaresma<\/span> Read More &raquo;<\/a><\/p>\n","protected":false},"author":3,"featured_media":0,"comment_status":"open","ping_status":"open","sticky":false,"template":"","format":"standard","meta":{"footnotes":""},"categories":[3],"tags":[],"class_list":["post-1897","post","type-post","status-publish","format-standard","hentry","category-ensaios"],"_links":{"self":[{"href":"https:\/\/coro.paroquiabaixadabanheira.org\/index.php?rest_route=\/wp\/v2\/posts\/1897","targetHints":{"allow":["GET"]}}],"collection":[{"href":"https:\/\/coro.paroquiabaixadabanheira.org\/index.php?rest_route=\/wp\/v2\/posts"}],"about":[{"href":"https:\/\/coro.paroquiabaixadabanheira.org\/index.php?rest_route=\/wp\/v2\/types\/post"}],"author":[{"embeddable":true,"href":"https:\/\/coro.paroquiabaixadabanheira.org\/index.php?rest_route=\/wp\/v2\/users\/3"}],"replies":[{"embeddable":true,"href":"https:\/\/coro.paroquiabaixadabanheira.org\/index.php?rest_route=%2Fwp%2Fv2%2Fcomments&post=1897"}],"version-history":[{"count":13,"href":"https:\/\/coro.paroquiabaixadabanheira.org\/index.php?rest_route=\/wp\/v2\/posts\/1897\/revisions"}],"predecessor-version":[{"id":1912,"href":"https:\/\/coro.paroquiabaixadabanheira.org\/index.php?rest_route=\/wp\/v2\/posts\/1897\/revisions\/1912"}],"wp:attachment":[{"href":"https:\/\/coro.paroquiabaixadabanheira.org\/index.php?rest_route=%2Fwp%2Fv2%2Fmedia&parent=1897"}],"wp:term":[{"taxonomy":"category","embeddable":true,"href":"https:\/\/coro.paroquiabaixadabanheira.org\/index.php?rest_route=%2Fwp%2Fv2%2Fcategories&post=1897"},{"taxonomy":"post_tag","embeddable":true,"href":"https:\/\/coro.paroquiabaixadabanheira.org\/index.php?rest_route=%2Fwp%2Fv2%2Ftags&post=1897"}],"curies":[{"name":"wp","href":"https:\/\/api.w.org\/{rel}","templated":true}]}}