{"id":1899,"date":"2016-02-09T16:21:48","date_gmt":"2016-02-09T16:21:48","guid":{"rendered":"http:\/\/coro.paroquiabaixadabanheira.org\/?p=1899"},"modified":"2016-02-09T16:21:48","modified_gmt":"2016-02-09T16:21:48","slug":"ensaio-taize","status":"publish","type":"post","link":"https:\/\/coro.paroquiabaixadabanheira.org\/?p=1899","title":{"rendered":"Ensaio \u2013 Taiz\u00e9"},"content":{"rendered":"<p>Informo que o ensaio desta semana n\u00e3o ser\u00e1 na 5\u00bafeira, dia 11 de Fevereiro, mas sim no s\u00e1bado dia 13 de Fevereiro pelas 21h, por motivos de na 5\u00bafeira ser realizada a reuni\u00e3o do conselho pastoral.<\/p>\n<p>Passem a palavra.<\/p>\n","protected":false},"excerpt":{"rendered":"<p>Informo que o ensaio desta semana n\u00e3o ser\u00e1 na 5\u00bafeira, dia 11 de Fevereiro, mas sim no s\u00e1bado dia 13 de Fevereiro pelas 21h, por motivos de na 5\u00bafeira ser realizada a reuni\u00e3o do conselho pastoral. Passem a palavra.<\/p>\n","protected":false},"author":3,"featured_media":0,"comment_status":"open","ping_status":"open","sticky":false,"template":"","format":"standard","meta":{"footnotes":""},"categories":[4],"tags":[],"class_list":["post-1899","post","type-post","status-publish","format-standard","hentry","category-noticias"],"_links":{"self":[{"href":"https:\/\/coro.paroquiabaixadabanheira.org\/index.php?rest_route=\/wp\/v2\/posts\/1899","targetHints":{"allow":["GET"]}}],"collection":[{"href":"https:\/\/coro.paroquiabaixadabanheira.org\/index.php?rest_route=\/wp\/v2\/posts"}],"about":[{"href":"https:\/\/coro.paroquiabaixadabanheira.org\/index.php?rest_route=\/wp\/v2\/types\/post"}],"author":[{"embeddable":true,"href":"https:\/\/coro.paroquiabaixadabanheira.org\/index.php?rest_route=\/wp\/v2\/users\/3"}],"replies":[{"embeddable":true,"href":"https:\/\/coro.paroquiabaixadabanheira.org\/index.php?rest_route=%2Fwp%2Fv2%2Fcomments&post=1899"}],"version-history":[{"count":1,"href":"https:\/\/coro.paroquiabaixadabanheira.org\/index.php?rest_route=\/wp\/v2\/posts\/1899\/revisions"}],"predecessor-version":[{"id":1900,"href":"https:\/\/coro.paroquiabaixadabanheira.org\/index.php?rest_route=\/wp\/v2\/posts\/1899\/revisions\/1900"}],"wp:attachment":[{"href":"https:\/\/coro.paroquiabaixadabanheira.org\/index.php?rest_route=%2Fwp%2Fv2%2Fmedia&parent=1899"}],"wp:term":[{"taxonomy":"category","embeddable":true,"href":"https:\/\/coro.paroquiabaixadabanheira.org\/index.php?rest_route=%2Fwp%2Fv2%2Fcategories&post=1899"},{"taxonomy":"post_tag","embeddable":true,"href":"https:\/\/coro.paroquiabaixadabanheira.org\/index.php?rest_route=%2Fwp%2Fv2%2Ftags&post=1899"}],"curies":[{"name":"wp","href":"https:\/\/api.w.org\/{rel}","templated":true}]}}