{"id":1918,"date":"2016-02-17T00:59:15","date_gmt":"2016-02-17T00:59:15","guid":{"rendered":"http:\/\/coro.paroquiabaixadabanheira.org\/?p=1918"},"modified":"2016-02-17T00:59:15","modified_gmt":"2016-02-17T00:59:15","slug":"domingo-ii-da-quaresma-7","status":"publish","type":"post","link":"https:\/\/coro.paroquiabaixadabanheira.org\/?p=1918","title":{"rendered":"Domingo II da Quaresma"},"content":{"rendered":"<p><strong>C\u00e2nticos para\u00a0o II Domingo\u00a0da Quaresma \u2013\u00a0Ano C\u00a0(<\/strong><a href=\"http:\/\/www.liturgia.pt\/liturgiadiaria\/dia.php?data=2016-2-21\"><strong>liturgia<\/strong><strong>)<\/strong><\/a><\/p>\n<ul>\n<li>Entrada: <a href=\"http:\/\/coro.paroquiabaixadabanheira.org\/reportorio\/entrada\/errante.vou.pdf\">Errante vou<\/a><\/li>\n<li>M. Penitencial: <a href=\"http:\/\/coro.paroquiabaixadabanheira.org\/reportorio\/penitencial\/misericordia.pdf\">Miseric\u00f3rdia<\/a><\/li>\n<li>Salmo\u00a026 (27):\u00a0<em><a href=\"http:\/\/www.liturgia.pt\/multimedia\/mp3\/SalmosResponsoriais\/125_Qua02CIIDom-OSenhorEMinhaLuz.mp3\">\u201dO Senhor \u00e9 a minha luz e a minha Salva\u00e7\u00e3o.\u201d<\/a><\/em><\/li>\n<li>Aclama\u00e7\u00e3o ao Evangelho: \u00a0<a href=\"http:\/\/coro.paroquiabaixadabanheira.org\/reportorio\/aclama\/louvor.gloria.vos.cartageno.pdf\">Louvor e Gl\u00f3ria a\u00a0V\u00f3s Cartageno<\/a>\u00a0 <strong>\u201cNo meio da nuvem luminosa, ouviu-se a voz do pai: Este \u00e9 o meu Filho muito amado: o escutai-O\u201d<\/strong><\/li>\n<li>Apresenta\u00e7\u00e3o dos Dons: <a href=\"http:\/\/coro.paroquiabaixadabanheira.org\/reportorio\/quaresma\/jesus.tomou.consigo.pdf\">Jesus Tomou Consigo<\/a><\/li>\n<li>Santo: <a href=\"http:\/\/coro.paroquiabaixadabanheira.org\/reportorio\/santo\/santo.a.l.webber.pdf\">Santo\u00a0(A. Webber)<\/a><\/li>\n<li>Cordeiro: <a href=\"http:\/\/coro.paroquiabaixadabanheira.org\/reportorio\/cordeiro\/cordeiro.cartageno2.pdf\">Cordeiro\u00a02 Cartageno<\/a><\/li>\n<li>Comunh\u00e3o: <a href=\"http:\/\/coro.paroquiabaixadabanheira.org\/reportorio\/comunhao\/abriram.se.os.ceus.pdf\">Abriram-se os C\u00e9us<\/a><\/li>\n<li>Ac\u00e7\u00e3o de Gra\u00e7as: <a href=\"http:\/\/coro.paroquiabaixadabanheira.org\/reportorio\/diversos\/nada.temo.pdf\">Nada Temo<\/a><\/li>\n<li>Final: <a href=\"http:\/\/coro.paroquiabaixadabanheira.org\/reportorio\/quaresma\/caminha.povo.de.deus.pdf\">Caminha Povo de Deus<\/a><\/li>\n<\/ul>\n","protected":false},"excerpt":{"rendered":"<p>C\u00e2nticos para\u00a0o II Domingo\u00a0da Quaresma \u2013\u00a0Ano C\u00a0(liturgia) Entrada: Errante vou M. Penitencial: Miseric\u00f3rdia Salmo\u00a026 (27):\u00a0\u201dO Senhor \u00e9 a minha luz e a minha Salva\u00e7\u00e3o.\u201d Aclama\u00e7\u00e3o ao Evangelho: \u00a0Louvor e Gl\u00f3ria a\u00a0V\u00f3s Cartageno\u00a0 \u201cNo meio da nuvem luminosa, ouviu-se a voz &hellip;<\/p>\n<p class=\"read-more\"> <a class=\"more-link\" href=\"https:\/\/coro.paroquiabaixadabanheira.org\/?p=1918\"> <span class=\"screen-reader-text\">Domingo II da Quaresma<\/span> Read More &raquo;<\/a><\/p>\n","protected":false},"author":3,"featured_media":0,"comment_status":"open","ping_status":"open","sticky":false,"template":"","format":"standard","meta":{"footnotes":""},"categories":[3],"tags":[],"class_list":["post-1918","post","type-post","status-publish","format-standard","hentry","category-ensaios"],"_links":{"self":[{"href":"https:\/\/coro.paroquiabaixadabanheira.org\/index.php?rest_route=\/wp\/v2\/posts\/1918","targetHints":{"allow":["GET"]}}],"collection":[{"href":"https:\/\/coro.paroquiabaixadabanheira.org\/index.php?rest_route=\/wp\/v2\/posts"}],"about":[{"href":"https:\/\/coro.paroquiabaixadabanheira.org\/index.php?rest_route=\/wp\/v2\/types\/post"}],"author":[{"embeddable":true,"href":"https:\/\/coro.paroquiabaixadabanheira.org\/index.php?rest_route=\/wp\/v2\/users\/3"}],"replies":[{"embeddable":true,"href":"https:\/\/coro.paroquiabaixadabanheira.org\/index.php?rest_route=%2Fwp%2Fv2%2Fcomments&post=1918"}],"version-history":[{"count":2,"href":"https:\/\/coro.paroquiabaixadabanheira.org\/index.php?rest_route=\/wp\/v2\/posts\/1918\/revisions"}],"predecessor-version":[{"id":1921,"href":"https:\/\/coro.paroquiabaixadabanheira.org\/index.php?rest_route=\/wp\/v2\/posts\/1918\/revisions\/1921"}],"wp:attachment":[{"href":"https:\/\/coro.paroquiabaixadabanheira.org\/index.php?rest_route=%2Fwp%2Fv2%2Fmedia&parent=1918"}],"wp:term":[{"taxonomy":"category","embeddable":true,"href":"https:\/\/coro.paroquiabaixadabanheira.org\/index.php?rest_route=%2Fwp%2Fv2%2Fcategories&post=1918"},{"taxonomy":"post_tag","embeddable":true,"href":"https:\/\/coro.paroquiabaixadabanheira.org\/index.php?rest_route=%2Fwp%2Fv2%2Ftags&post=1918"}],"curies":[{"name":"wp","href":"https:\/\/api.w.org\/{rel}","templated":true}]}}