{"id":1924,"date":"2016-02-24T00:29:44","date_gmt":"2016-02-24T00:29:44","guid":{"rendered":"http:\/\/coro.paroquiabaixadabanheira.org\/?p=1924"},"modified":"2016-03-01T00:02:40","modified_gmt":"2016-03-01T00:02:40","slug":"domingo-iii-da-quaresma-7","status":"publish","type":"post","link":"https:\/\/coro.paroquiabaixadabanheira.org\/?p=1924","title":{"rendered":"Domingo III da Quaresma"},"content":{"rendered":"<p><strong>C\u00e2nticos para\u00a0o III Domingo\u00a0da Quaresma \u2013\u00a0Ano\u00a0A\u00a0(<\/strong><a href=\"http:\/\/www.liturgia.pt\/liturgiadiaria\/dia.php?data=2014-03-23\"><strong>liturgia<\/strong><strong>)<\/strong><\/a><\/p>\n<p>Devido ao inicio do\u00a0Escrut\u00ednio dos Catec\u00famenos do CICA as leituras da Eucaristia Dominical do III domingo\u00a0at\u00e9 ao V domingo da Quaresma ser\u00e3o do ano C e o Evangelho do ano A. Relembro que o\u00a0ensaio \u00e9 no s\u00e1bado, dia 27 de Fevereiro no sal\u00e3o paroquial\u00a0\u00e0 mesma hora.<\/p>\n<ul>\n<li>Entrada: <a href=\"http:\/\/coro.paroquiabaixadabanheira.org\/reportorio\/entrada\/o.povo.de.deus.pdf\">O Povo de Deus<\/a><\/li>\n<li>M. Penitencial: <a href=\"http:\/\/coro.paroquiabaixadabanheira.org\/reportorio\/penitencial\/misericordia.pdf\">Miseric\u00f3rdia<\/a><\/li>\n<li>Salmo\u00a094 (95):\u00a0<em><a href=\"http:\/\/www.liturgia.pt\/multimedia\/mp3\/SalmosResponsoriais\/016_Qua03AIIIDom-HojeSeEscutardes.mp3\">\u201dHoje se escutardes a voz do Senhor, n\u00e3o fecheis os vossos cora\u00e7\u00f5es.\u201d<\/a><\/em><\/li>\n<li>Aclama\u00e7\u00e3o ao Evangelho: \u00a0<a href=\"http:\/\/coro.paroquiabaixadabanheira.org\/reportorio\/aclama\/louvor.gloria.vos.cartageno.pdf\">Louvor e Gl\u00f3ria a\u00a0V\u00f3s Cartageno<\/a>\u00a0 <strong>\u201cSenhor, V\u00f3s sois o Salvador do mundo: dai-nos a \u00e1gua viva, para n\u00e3o termos sede\u201d<\/strong><\/li>\n<li>Apresenta\u00e7\u00e3o dos Dons: <a href=\"http:\/\/coro.paroquiabaixadabanheira.org\/reportorio\/comunhao\/bendito.bendito.sejas.pdf\">Bendito, bendito sejas<\/a><\/li>\n<li>Santo: <a href=\"http:\/\/coro.paroquiabaixadabanheira.org\/reportorio\/santo\/santo.a.l.webber.pdf\">Santo\u00a0(A. Webber)<\/a><\/li>\n<li>Cordeiro: <a href=\"http:\/\/coro.paroquiabaixadabanheira.org\/reportorio\/cordeiro\/cordeiro.cartageno2.pdf\">Cordeiro\u00a02 Cartageno<\/a>\u00a0ou <a href=\"http:\/\/coro.paroquiabaixadabanheira.org\/reportorio\/cordeiro\/cordeiro.aragues.pdf\">Cordeiro (Aragues)<\/a><\/li>\n<li>Comunh\u00e3o: <a href=\"http:\/\/coro.paroquiabaixadabanheira.org\/reportorio\/quaresma\/bebei.se.tendes.sede.pdf\">Bebei, se tendes sede<\/a><\/li>\n<li>Ac\u00e7\u00e3o de Gra\u00e7as: <a href=\"http:\/\/coro.paroquiabaixadabanheira.org\/reportorio\/diversos\/sede.misericordiosos.pdf\">Sede Misericordiosos <\/a><\/li>\n<li>Final: <a href=\"http:\/\/coro.paroquiabaixadabanheira.org\/reportorio\/quaresma\/no.senhor.pus.a.minha.esperanca.pdf\">No Senhor Pus a Minha Esperan\u00e7a<\/a><\/li>\n<\/ul>\n<p>Trazer tamb\u00e9m as musicas para a ora\u00e7\u00e3o de Taiz\u00e9 e o Hino do ano Jubilar da Misericordia<\/p>\n","protected":false},"excerpt":{"rendered":"<p>C\u00e2nticos para\u00a0o III Domingo\u00a0da Quaresma \u2013\u00a0Ano\u00a0A\u00a0(liturgia) Devido ao inicio do\u00a0Escrut\u00ednio dos Catec\u00famenos do CICA as leituras da Eucaristia Dominical do III domingo\u00a0at\u00e9 ao V domingo da Quaresma ser\u00e3o do ano C e o Evangelho do ano A. Relembro que o\u00a0ensaio &hellip;<\/p>\n<p class=\"read-more\"> <a class=\"more-link\" href=\"https:\/\/coro.paroquiabaixadabanheira.org\/?p=1924\"> <span class=\"screen-reader-text\">Domingo III da Quaresma<\/span> Read More &raquo;<\/a><\/p>\n","protected":false},"author":3,"featured_media":0,"comment_status":"open","ping_status":"open","sticky":false,"template":"","format":"standard","meta":{"footnotes":""},"categories":[3],"tags":[],"class_list":["post-1924","post","type-post","status-publish","format-standard","hentry","category-ensaios"],"_links":{"self":[{"href":"https:\/\/coro.paroquiabaixadabanheira.org\/index.php?rest_route=\/wp\/v2\/posts\/1924","targetHints":{"allow":["GET"]}}],"collection":[{"href":"https:\/\/coro.paroquiabaixadabanheira.org\/index.php?rest_route=\/wp\/v2\/posts"}],"about":[{"href":"https:\/\/coro.paroquiabaixadabanheira.org\/index.php?rest_route=\/wp\/v2\/types\/post"}],"author":[{"embeddable":true,"href":"https:\/\/coro.paroquiabaixadabanheira.org\/index.php?rest_route=\/wp\/v2\/users\/3"}],"replies":[{"embeddable":true,"href":"https:\/\/coro.paroquiabaixadabanheira.org\/index.php?rest_route=%2Fwp%2Fv2%2Fcomments&post=1924"}],"version-history":[{"count":3,"href":"https:\/\/coro.paroquiabaixadabanheira.org\/index.php?rest_route=\/wp\/v2\/posts\/1924\/revisions"}],"predecessor-version":[{"id":1933,"href":"https:\/\/coro.paroquiabaixadabanheira.org\/index.php?rest_route=\/wp\/v2\/posts\/1924\/revisions\/1933"}],"wp:attachment":[{"href":"https:\/\/coro.paroquiabaixadabanheira.org\/index.php?rest_route=%2Fwp%2Fv2%2Fmedia&parent=1924"}],"wp:term":[{"taxonomy":"category","embeddable":true,"href":"https:\/\/coro.paroquiabaixadabanheira.org\/index.php?rest_route=%2Fwp%2Fv2%2Fcategories&post=1924"},{"taxonomy":"post_tag","embeddable":true,"href":"https:\/\/coro.paroquiabaixadabanheira.org\/index.php?rest_route=%2Fwp%2Fv2%2Ftags&post=1924"}],"curies":[{"name":"wp","href":"https:\/\/api.w.org\/{rel}","templated":true}]}}