{"id":1926,"date":"2016-02-24T00:31:48","date_gmt":"2016-02-24T00:31:48","guid":{"rendered":"http:\/\/coro.paroquiabaixadabanheira.org\/?p=1926"},"modified":"2016-03-01T00:01:37","modified_gmt":"2016-03-01T00:01:37","slug":"ensaio-para-a-eucaristia-e-taize","status":"publish","type":"post","link":"https:\/\/coro.paroquiabaixadabanheira.org\/?p=1926","title":{"rendered":"Ensaio para a eucaristia e Taiz\u00e9"},"content":{"rendered":"<p>Os\u00a0ensaios para a\u00a0Vig\u00edlia\u00a0de ora\u00e7\u00e3o &#8211; Taiz\u00e9 ser\u00e3o realizados nos seguintes dias:<\/p>\n<ul>\n<li>29 de Fevereiro; 2 de Mar\u00e7o; 7 de Mar\u00e7o e 10 de Mar\u00e7o<\/li>\n<li>11 de Mar\u00e7o \u00e9 o dia da Vigilia<\/li>\n<\/ul>\n<p>Devido aos v\u00e1rios eventos que estamos inseridos (Forma\u00e7\u00e3o B\u00edblica, Vig\u00edlia Taiz\u00e9, &#8220;24 Horas para o Senhor&#8221;) os ensaios para a eucaristia dominical ser\u00e3o:<\/p>\n<ul>\n<li>III Domingo da Quaresma &#8211; 27 de Fevereiro<\/li>\n<li>IV Domingo da Quaresma e 24 horas para o Senhor &#8211; 3 de Mar\u00e7o<\/li>\n<li>V Domingo da Quaresma &#8211; 12 de Mar\u00e7o<\/li>\n<\/ul>\n<p>Agrade\u00e7o a disponibilidade e participa\u00e7\u00e3o de todos.<\/p>\n","protected":false},"excerpt":{"rendered":"<p>Os\u00a0ensaios para a\u00a0Vig\u00edlia\u00a0de ora\u00e7\u00e3o &#8211; Taiz\u00e9 ser\u00e3o realizados nos seguintes dias: 29 de Fevereiro; 2 de Mar\u00e7o; 7 de Mar\u00e7o e 10 de Mar\u00e7o 11 de Mar\u00e7o \u00e9 o dia da Vigilia Devido aos v\u00e1rios eventos que estamos inseridos (Forma\u00e7\u00e3o &hellip;<\/p>\n<p class=\"read-more\"> <a class=\"more-link\" href=\"https:\/\/coro.paroquiabaixadabanheira.org\/?p=1926\"> <span class=\"screen-reader-text\">Ensaio para a eucaristia e Taiz\u00e9<\/span> Read More &raquo;<\/a><\/p>\n","protected":false},"author":3,"featured_media":0,"comment_status":"open","ping_status":"open","sticky":false,"template":"","format":"standard","meta":{"footnotes":""},"categories":[4],"tags":[],"class_list":["post-1926","post","type-post","status-publish","format-standard","hentry","category-noticias"],"_links":{"self":[{"href":"https:\/\/coro.paroquiabaixadabanheira.org\/index.php?rest_route=\/wp\/v2\/posts\/1926","targetHints":{"allow":["GET"]}}],"collection":[{"href":"https:\/\/coro.paroquiabaixadabanheira.org\/index.php?rest_route=\/wp\/v2\/posts"}],"about":[{"href":"https:\/\/coro.paroquiabaixadabanheira.org\/index.php?rest_route=\/wp\/v2\/types\/post"}],"author":[{"embeddable":true,"href":"https:\/\/coro.paroquiabaixadabanheira.org\/index.php?rest_route=\/wp\/v2\/users\/3"}],"replies":[{"embeddable":true,"href":"https:\/\/coro.paroquiabaixadabanheira.org\/index.php?rest_route=%2Fwp%2Fv2%2Fcomments&post=1926"}],"version-history":[{"count":5,"href":"https:\/\/coro.paroquiabaixadabanheira.org\/index.php?rest_route=\/wp\/v2\/posts\/1926\/revisions"}],"predecessor-version":[{"id":1932,"href":"https:\/\/coro.paroquiabaixadabanheira.org\/index.php?rest_route=\/wp\/v2\/posts\/1926\/revisions\/1932"}],"wp:attachment":[{"href":"https:\/\/coro.paroquiabaixadabanheira.org\/index.php?rest_route=%2Fwp%2Fv2%2Fmedia&parent=1926"}],"wp:term":[{"taxonomy":"category","embeddable":true,"href":"https:\/\/coro.paroquiabaixadabanheira.org\/index.php?rest_route=%2Fwp%2Fv2%2Fcategories&post=1926"},{"taxonomy":"post_tag","embeddable":true,"href":"https:\/\/coro.paroquiabaixadabanheira.org\/index.php?rest_route=%2Fwp%2Fv2%2Ftags&post=1926"}],"curies":[{"name":"wp","href":"https:\/\/api.w.org\/{rel}","templated":true}]}}