{"id":1934,"date":"2016-03-01T00:25:17","date_gmt":"2016-03-01T00:25:17","guid":{"rendered":"http:\/\/coro.paroquiabaixadabanheira.org\/?p=1934"},"modified":"2016-03-01T00:31:06","modified_gmt":"2016-03-01T00:31:06","slug":"domingo-iv-da-quaresma-7","status":"publish","type":"post","link":"https:\/\/coro.paroquiabaixadabanheira.org\/?p=1934","title":{"rendered":"Domingo IV da Quaresma"},"content":{"rendered":"<p><strong>C\u00e2nticos para\u00a0o IV Domingo\u00a0da Quaresma \u2013\u00a0Ano\u00a0A\u00a0(<\/strong><a href=\"http:\/\/www.liturgia.pt\/liturgiadiaria\/dia.php?data=2014-03-30\"><strong>liturgia<\/strong><strong>)<\/strong><\/a><\/p>\n<p>Relembro que o ensaio \u00e9 5\u00bafeira dia 03\/03\/2016 as 21horas<\/p>\n<ul>\n<li>Entrada: <a href=\"http:\/\/coro.paroquiabaixadabanheira.org\/reportorio\/entrada\/o.povo.de.deus.pdf\">O Povo de Deus<\/a><\/li>\n<li>M. Penitencial: <a href=\"http:\/\/coro.paroquiabaixadabanheira.org\/reportorio\/penitencial\/misericordia.pdf\">Miseric\u00f3rdia<\/a><\/li>\n<li>Salmo\u00a033 (34):\u00a0<em><a href=\"http:\/\/www.liturgia.pt\/multimedia\/mp3\/SalmosResponsoriais\/127_Qua04CIVDom-ProvaiEVede.mp3\">\u201dSaboreai e vede como o Senhor \u00e9 bom\u201d<\/a><\/em><\/li>\n<li>Aclama\u00e7\u00e3o ao Evangelho: \u00a0<a href=\"http:\/\/coro.paroquiabaixadabanheira.org\/reportorio\/aclama\/louvor.gloria.vos.cartageno.pdf\">Louvor e Gl\u00f3ria a\u00a0V\u00f3s Cartageno<\/a>\u00a0 <strong>\u201cEu sou a luz do mundo, diz o Senhor. Quem\u00a0Me segue ter\u00e1 a luz da vida\u201d<\/strong><\/li>\n<li>Apresenta\u00e7\u00e3o dos Dons: <a href=\"http:\/\/coro.paroquiabaixadabanheira.org\/reportorio\/diversos\/misericordes.sicut.pater.pdf\">Misericordes Sicut Pater <\/a><\/li>\n<li>Santo: <a href=\"http:\/\/coro.paroquiabaixadabanheira.org\/reportorio\/santo\/santo.a.l.webber.pdf\">Santo\u00a0(A. Webber)<\/a><\/li>\n<li>Cordeiro:\u00a0<a href=\"http:\/\/coro.paroquiabaixadabanheira.org\/reportorio\/cordeiro\/cordeiro.aragues.pdf\">Cordeiro (Aragues)<\/a><\/li>\n<li>Comunh\u00e3o: \u00a0<a href=\"http:\/\/coro.paroquiabaixadabanheira.org\/reportorio\/comunhao\/o.bom.pastor.pdf\">O Bom Pastor<\/a><\/li>\n<li>Ac\u00e7\u00e3o de Gra\u00e7as: <a href=\"http:\/\/coro.paroquiabaixadabanheira.org\/reportorio\/gracas\/na.nossa.escuridao.pdf\">Na nossa escurid\u00e3o<\/a><\/li>\n<li>Final: <a href=\"http:\/\/coro.paroquiabaixadabanheira.org\/reportorio\/quaresma\/caminha.povo.de.deus.pdf\">Caminha Povo de Deus<\/a><\/li>\n<\/ul>\n","protected":false},"excerpt":{"rendered":"<p>C\u00e2nticos para\u00a0o IV Domingo\u00a0da Quaresma \u2013\u00a0Ano\u00a0A\u00a0(liturgia) Relembro que o ensaio \u00e9 5\u00bafeira dia 03\/03\/2016 as 21horas Entrada: O Povo de Deus M. Penitencial: Miseric\u00f3rdia Salmo\u00a033 (34):\u00a0\u201dSaboreai e vede como o Senhor \u00e9 bom\u201d Aclama\u00e7\u00e3o ao Evangelho: \u00a0Louvor e Gl\u00f3ria a\u00a0V\u00f3s &hellip;<\/p>\n<p class=\"read-more\"> <a class=\"more-link\" href=\"https:\/\/coro.paroquiabaixadabanheira.org\/?p=1934\"> <span class=\"screen-reader-text\">Domingo IV da Quaresma<\/span> Read More &raquo;<\/a><\/p>\n","protected":false},"author":3,"featured_media":0,"comment_status":"open","ping_status":"open","sticky":false,"template":"","format":"standard","meta":{"footnotes":""},"categories":[3],"tags":[],"class_list":["post-1934","post","type-post","status-publish","format-standard","hentry","category-ensaios"],"_links":{"self":[{"href":"https:\/\/coro.paroquiabaixadabanheira.org\/index.php?rest_route=\/wp\/v2\/posts\/1934","targetHints":{"allow":["GET"]}}],"collection":[{"href":"https:\/\/coro.paroquiabaixadabanheira.org\/index.php?rest_route=\/wp\/v2\/posts"}],"about":[{"href":"https:\/\/coro.paroquiabaixadabanheira.org\/index.php?rest_route=\/wp\/v2\/types\/post"}],"author":[{"embeddable":true,"href":"https:\/\/coro.paroquiabaixadabanheira.org\/index.php?rest_route=\/wp\/v2\/users\/3"}],"replies":[{"embeddable":true,"href":"https:\/\/coro.paroquiabaixadabanheira.org\/index.php?rest_route=%2Fwp%2Fv2%2Fcomments&post=1934"}],"version-history":[{"count":4,"href":"https:\/\/coro.paroquiabaixadabanheira.org\/index.php?rest_route=\/wp\/v2\/posts\/1934\/revisions"}],"predecessor-version":[{"id":1939,"href":"https:\/\/coro.paroquiabaixadabanheira.org\/index.php?rest_route=\/wp\/v2\/posts\/1934\/revisions\/1939"}],"wp:attachment":[{"href":"https:\/\/coro.paroquiabaixadabanheira.org\/index.php?rest_route=%2Fwp%2Fv2%2Fmedia&parent=1934"}],"wp:term":[{"taxonomy":"category","embeddable":true,"href":"https:\/\/coro.paroquiabaixadabanheira.org\/index.php?rest_route=%2Fwp%2Fv2%2Fcategories&post=1934"},{"taxonomy":"post_tag","embeddable":true,"href":"https:\/\/coro.paroquiabaixadabanheira.org\/index.php?rest_route=%2Fwp%2Fv2%2Ftags&post=1934"}],"curies":[{"name":"wp","href":"https:\/\/api.w.org\/{rel}","templated":true}]}}