{"id":1940,"date":"2016-03-01T00:50:18","date_gmt":"2016-03-01T00:50:18","guid":{"rendered":"http:\/\/coro.paroquiabaixadabanheira.org\/?p=1940"},"modified":"2016-03-01T00:52:46","modified_gmt":"2016-03-01T00:52:46","slug":"24-horas-para-o-senhor","status":"publish","type":"post","link":"https:\/\/coro.paroquiabaixadabanheira.org\/?p=1940","title":{"rendered":"24 Horas para o Senhor"},"content":{"rendered":"<p><span style=\"color: #ff6600; font-family: Tahoma; font-size: small;\"><strong>4 e 5 de Mar\u00e7o: &#8220;24 horas para o Senhor&#8221;. De que se trata?<br \/>\n\u00c9 uma iniciativa e um pedido do Papa Francisco.<\/strong><\/span><\/p>\n<div align=\"justify\"><span style=\"font-family: Tahoma; font-size: small;\">\u201cA Quaresma deste Ano Jubilar seja vivida mais intensamente como tempo forte para celebrar e experimentar a miseric\u00f3rdia de Deus.<br \/>\nA iniciativa \u00ab24 horas para o Senhor\u00bb, que ser\u00e1 celebrada na sexta-feira e no s\u00e1bado anteriores ao IV Domingo da Quaresma (4 e 5 de Mar\u00e7o).\u00a0H\u00e1 muitas pessoas \u2013 e, em grande n\u00famero, jovens \u2013 que est\u00e3o a aproximar-se do sacramento da Reconcilia\u00e7\u00e3o e que frequentemente, nesta experi\u00eancia, reencontram o caminho para voltar ao Senhor, viver um momento de intensa ora\u00e7\u00e3o e redescobrir o sentido da sua vida. Com convic\u00e7\u00e3o, ponhamos novamente no centro o sacramento da Reconcilia\u00e7\u00e3o, porque permite tocar sensivelmente a grandeza da miseric\u00f3rdia. Ser\u00e1, para cada penitente, fonte de verdadeira paz interior.<br \/>\nN\u00e3o me cansarei jamais de insistir com os confessores para que sejam um verdadeiro sinal da miseric\u00f3rdia do Pai.\u201d (Papa Francisco, Bula da Proclama\u00e7\u00e3o do Jubileu da Miseric\u00f3rdia)<\/span><\/div>\n<div align=\"justify\"><span style=\"font-family: Tahoma; font-size: small;\">Todas as nossas horas s\u00e3o para o Senhor, tanto na ora\u00e7\u00e3o, como no servi\u00e7o dos irm\u00e3os. Neste ano jubilar, \u00e9-nos proposta uma iniciativa especial de, nestes dias 4 e 5 de mar\u00e7o, numa comunh\u00e3o de todas as Igrejas, estarmos especialmente voltados para o Pai, rico em miseric\u00f3rdia, acolhendo-a, celebrando-a e enchendo com ela o nosso cora\u00e7\u00e3o para a vivermos com todos os que encontramos nos nossos caminhos.<\/span><\/div>\n<div align=\"justify\"><\/div>\n<div align=\"justify\"><strong>C\u00e2nticos para\u00a0a celebra\u00e7\u00e3o\u00a0da ora\u00e7\u00e3o<\/strong><\/div>\n<div align=\"justify\">Relembro que\u00a0o ensaio ser\u00e1 na 5\u00bafeira, dia 03\/03\/2016, \u00e0s 21h.<\/div>\n<div align=\"justify\">O nosso grupo est\u00e1 escalado para 6\u00bafeira, dia 04\/03\/2016, \u00e0s 21h.<\/div>\n<div align=\"justify\">\n<ul>\n<li><a href=\"http:\/\/coro.paroquiabaixadabanheira.org\/reportorio\/taize\/venite.exultemus.domino.pdf\">Venite Exultemus Domino<\/a><\/li>\n<li><a href=\"http:\/\/coro.paroquiabaixadabanheira.org\/reportorio\/diversos\/misericordes.sicut.pater.pdf\">Misericordes Sicut Pater <\/a><\/li>\n<li><a href=\"http:\/\/coro.paroquiabaixadabanheira.org\/reportorio\/taize\/cantarei.ao.senhor.pdf\">Cantarei ao Senhor<\/a><\/li>\n<li><a href=\"http:\/\/coro.paroquiabaixadabanheira.org\/reportorio\/taize\/permanece.junto.de.mim.pdf\">Permanece junto de mim<\/a><\/li>\n<li><a href=\"http:\/\/coro.paroquiabaixadabanheira.org\/reportorio\/taize\/o.senhor.e.a.minha.forca.pdf\">O Senhor \u00e9 a minha for\u00e7a<\/a><\/li>\n<\/ul>\n<\/div>\n","protected":false},"excerpt":{"rendered":"<p>4 e 5 de Mar\u00e7o: &#8220;24 horas para o Senhor&#8221;. De que se trata? \u00c9 uma iniciativa e um pedido do Papa Francisco. \u201cA Quaresma deste Ano Jubilar seja vivida mais intensamente como tempo forte para celebrar e experimentar a &hellip;<\/p>\n<p class=\"read-more\"> <a class=\"more-link\" href=\"https:\/\/coro.paroquiabaixadabanheira.org\/?p=1940\"> <span class=\"screen-reader-text\">24 Horas para o Senhor<\/span> Read More &raquo;<\/a><\/p>\n","protected":false},"author":3,"featured_media":0,"comment_status":"open","ping_status":"open","sticky":false,"template":"","format":"standard","meta":{"footnotes":""},"categories":[4],"tags":[],"class_list":["post-1940","post","type-post","status-publish","format-standard","hentry","category-noticias"],"_links":{"self":[{"href":"https:\/\/coro.paroquiabaixadabanheira.org\/index.php?rest_route=\/wp\/v2\/posts\/1940","targetHints":{"allow":["GET"]}}],"collection":[{"href":"https:\/\/coro.paroquiabaixadabanheira.org\/index.php?rest_route=\/wp\/v2\/posts"}],"about":[{"href":"https:\/\/coro.paroquiabaixadabanheira.org\/index.php?rest_route=\/wp\/v2\/types\/post"}],"author":[{"embeddable":true,"href":"https:\/\/coro.paroquiabaixadabanheira.org\/index.php?rest_route=\/wp\/v2\/users\/3"}],"replies":[{"embeddable":true,"href":"https:\/\/coro.paroquiabaixadabanheira.org\/index.php?rest_route=%2Fwp%2Fv2%2Fcomments&post=1940"}],"version-history":[{"count":9,"href":"https:\/\/coro.paroquiabaixadabanheira.org\/index.php?rest_route=\/wp\/v2\/posts\/1940\/revisions"}],"predecessor-version":[{"id":1949,"href":"https:\/\/coro.paroquiabaixadabanheira.org\/index.php?rest_route=\/wp\/v2\/posts\/1940\/revisions\/1949"}],"wp:attachment":[{"href":"https:\/\/coro.paroquiabaixadabanheira.org\/index.php?rest_route=%2Fwp%2Fv2%2Fmedia&parent=1940"}],"wp:term":[{"taxonomy":"category","embeddable":true,"href":"https:\/\/coro.paroquiabaixadabanheira.org\/index.php?rest_route=%2Fwp%2Fv2%2Fcategories&post=1940"},{"taxonomy":"post_tag","embeddable":true,"href":"https:\/\/coro.paroquiabaixadabanheira.org\/index.php?rest_route=%2Fwp%2Fv2%2Ftags&post=1940"}],"curies":[{"name":"wp","href":"https:\/\/api.w.org\/{rel}","templated":true}]}}