{"id":1953,"date":"2016-03-13T14:45:09","date_gmt":"2016-03-13T14:45:09","guid":{"rendered":"http:\/\/coro.paroquiabaixadabanheira.org\/?p=1953"},"modified":"2016-03-24T10:19:37","modified_gmt":"2016-03-24T10:19:37","slug":"canticos-para-a-semana-santa-10","status":"publish","type":"post","link":"https:\/\/coro.paroquiabaixadabanheira.org\/?p=1953","title":{"rendered":"C\u00e2nticos para a Semana Santa"},"content":{"rendered":"<p>Os ensaios para a Semana Santa e Vig\u00edlia Pascal ser\u00e3o \u00e1s 21H\u00a0nos dias:<\/p>\n<ul>\n<li>14, 16, 17, 20 de\u00a0Mar\u00e7o<\/li>\n<li>21,\u00a023 de Mar\u00e7o<\/li>\n<li>22 de Mar\u00e7o &#8211; ensaio para as Laudes de Sexta-Feira Santa<\/li>\n<li>Sexta 25\/03 (Depois da celebra\u00e7\u00e3o da Paix\u00e3o do Senhor)<\/li>\n<\/ul>\n<p>C\u00e2nticos novos:<\/p>\n<ul>\n<li><a href=\"http:\/\/coro.paroquiabaixadabanheira.org\/reportorio\/gloria\/gloria.a.deus.a.cartageno.pdf\">Gloria Cartageno<\/a><\/li>\n<li><a href=\"http:\/\/coro.paroquiabaixadabanheira.org\/reportorio\/cordeiro\/cordeiro.cartageno2.pdf\">Cordeiro\u00a02 Cartageno<\/a><\/li>\n<li><a title=\"Taiz\u00e9\" href=\"http:\/\/coro.paroquiabaixadabanheira.org\/reportorio\/baptismo\/aguas.das.fontes.pdf\">\u00c1guas das fontes<\/a><\/li>\n<\/ul>\n<h4>C\u00e2nticos para Quinta-feira Santa (<a href=\"http:\/\/www.liturgia.pt\/liturgiadiaria\/dia.php?data=2016-3-24\">Liturgia<\/a>)<\/h4>\n<ul>\n<li>Entrada:\u00a0<a href=\"http:\/\/coro.paroquiabaixadabanheira.org\/reportorio\/quaresma\/toda.a.nossa.gloria.pdf\">Toda a Nossa Gloria<\/a><\/li>\n<li>Momento Penitencial:\u00a0<a href=\"http:\/\/coro.paroquiabaixadabanheira.org\/reportorio\/penitencial\/tende.compaixao.pdf\">Tende Compaix\u00e3o<\/a><\/li>\n<li>Gl\u00f3ria:\u00a0<a href=\"http:\/\/coro.paroquiabaixadabanheira.org\/reportorio\/gloria\/gloria.a.deus.a.cartageno.pdf\">Gloria Cartageno<\/a><\/li>\n<li>Salmo:\u00a0<a href=\"http:\/\/coro.paroquiabaixadabanheira.org\/reportorio\/salmos\/quaresma.quinta.salmo.115.116.pdf\">Salmo 115,116<\/a>\u00a0 \u201d\u00a0O c\u00e1lice de b\u00ean\u00e7\u00e3o \u00e9 comunh\u00e3o do Sangue de Cristo\u201d<\/li>\n<li>Aclama\u00e7\u00e3o da Palavra:\u00a0<a href=\"http:\/\/coro.paroquiabaixadabanheira.org\/reportorio\/aclama\/louvor.gloria.vos.cartageno.pdf\">Louvor e Gl\u00f3ria a V\u00f3s Cartageno<\/a>\u00a0\u201cDou-vos um mandamento novo, diz o Senhor:<br \/>\nAmai-vos uns aos outros como Eu vos amei\u201d<\/li>\n<li>Lava-P\u00e9s:\u00a0<a href=\"http:\/\/coro.paroquiabaixadabanheira.org\/reportorio\/quaresma\/douvos.um.mandamento.novo.pdf\">Dou-vos um Mandamento Novo<\/a><\/li>\n<li>Apresenta\u00e7\u00e3o dos Dons:\u00a0<a href=\"http:\/\/coro.paroquiabaixadabanheira.org\/reportorio\/ofertorio\/ubi.caritas.pdf\">Ubi Caritas<\/a><\/li>\n<li>Santo:\u00a0<a href=\"http:\/\/coro.paroquiabaixadabanheira.org\/reportorio\/santo\/santo.cartageno.pdf\">Santo cartageno<\/a><\/li>\n<li>Paz\/Cordeiro:\u00a0<a href=\"http:\/\/coro.paroquiabaixadabanheira.org\/reportorio\/cordeiro\/cordeiro.cartageno.pdf\">Cordeiro (A. Cartageno)<\/a>\u00a0ou <a href=\"http:\/\/coro.paroquiabaixadabanheira.org\/reportorio\/cordeiro\/cordeiro.cartageno2.pdf\">Cordeiro\u00a02 Cartageno<\/a><\/li>\n<li>Comunh\u00e3o:\u00a0<a href=\"http:\/\/coro.paroquiabaixadabanheira.org\/reportorio\/comunhao\/corpo.de.jesus.e.alimento.pdf\">O Corpo de Jesus \u00e9 Alimento<\/a><\/li>\n<li>Prociss\u00e3o do Sant\u00edssimo:\u00a0<a href=\"http:\/\/coro.paroquiabaixadabanheira.org\/reportorio\/quaresma\/pange.lingua.pdf\">Pange Lingua<\/a><\/li>\n<\/ul>\n<h4>C\u00e2nticos para Sexta-feira Santa (<a href=\"http:\/\/www.liturgia.pt\/liturgiadiaria\/dia.php?data=2016-3-25\">Liturgia<\/a>)<\/h4>\n<ul>\n<li>Entrada: (Em sil\u00eancio)<\/li>\n<li>Salmo:\u00a0<a href=\"http:\/\/coro.paroquiabaixadabanheira.org\/reportorio\/salmos\/quaresma.sexta.salmo.030.031.pdf\">Salmo 30,31<\/a>\u00a0\u201cPai, em vossas m\u00e3os entrego o meu esp\u00edrito\u201d<\/li>\n<li>Aclama\u00e7\u00e3o da Palavra:\u00a0<a href=\"http:\/\/coro.paroquiabaixadabanheira.org\/reportorio\/aclama\/louvor.gloria.vos.cartageno.pdf\">Louvor e Gl\u00f3ria a V\u00f3s Cartageno<\/a>\u00a0 \u201cCristo obedeceu at\u00e9 \u00e0 morte e morte de cruz.<br \/>\nPor isso Deus O exaltou e Lhe deu um nome que est\u00e1 acima de todos os nomes\u201d<\/li>\n<li>Adora\u00e7\u00e3o da Cruz:\u00a0<a href=\"http:\/\/coro.paroquiabaixadabanheira.org\/reportorio\/quaresma\/eis.o.madeiro.da.cruz.pdf\">Eis o Madeiro da Cruz<\/a><\/li>\n<li>Adora\u00e7\u00e3o da Cruz: <a href=\"http:\/\/coro.paroquiabaixadabanheira.org\/reportorio\/quaresma\/por.nosso.amor.pdf\">Por Nosso Amor<\/a><\/li>\n<li>Adora\u00e7\u00e3o da Cruz: <a href=\"http:\/\/coro.paroquiabaixadabanheira.org\/reportorio\/quaresma\/per.crucem.pdf\">Per Crucem (Taize)<\/a><\/li>\n<li>Adora\u00e7\u00e3o da Cruz: <a href=\"http:\/\/coro.paroquiabaixadabanheira.org\/reportorio\/quaresma\/povo.meu.que.te.fiz.eu.pdf\">Povo Meu, Que Te Fiz Eu<\/a><\/li>\n<li>Comunh\u00e3o:\u00a0<a href=\"http:\/\/coro.paroquiabaixadabanheira.org\/reportorio\/comunhao\/corpo.de.jesus.e.alimento.pdf\">O Corpo de Jesus \u00e9 Alimento<\/a><\/li>\n<\/ul>\n","protected":false},"excerpt":{"rendered":"<p>Os ensaios para a Semana Santa e Vig\u00edlia Pascal ser\u00e3o \u00e1s 21H\u00a0nos dias: 14, 16, 17, 20 de\u00a0Mar\u00e7o 21,\u00a023 de Mar\u00e7o 22 de Mar\u00e7o &#8211; ensaio para as Laudes de Sexta-Feira Santa Sexta 25\/03 (Depois da celebra\u00e7\u00e3o da Paix\u00e3o do &hellip;<\/p>\n<p class=\"read-more\"> <a class=\"more-link\" href=\"https:\/\/coro.paroquiabaixadabanheira.org\/?p=1953\"> <span class=\"screen-reader-text\">C\u00e2nticos para a Semana Santa<\/span> Read More &raquo;<\/a><\/p>\n","protected":false},"author":3,"featured_media":0,"comment_status":"open","ping_status":"open","sticky":false,"template":"","format":"standard","meta":{"footnotes":""},"categories":[3],"tags":[],"class_list":["post-1953","post","type-post","status-publish","format-standard","hentry","category-ensaios"],"_links":{"self":[{"href":"https:\/\/coro.paroquiabaixadabanheira.org\/index.php?rest_route=\/wp\/v2\/posts\/1953","targetHints":{"allow":["GET"]}}],"collection":[{"href":"https:\/\/coro.paroquiabaixadabanheira.org\/index.php?rest_route=\/wp\/v2\/posts"}],"about":[{"href":"https:\/\/coro.paroquiabaixadabanheira.org\/index.php?rest_route=\/wp\/v2\/types\/post"}],"author":[{"embeddable":true,"href":"https:\/\/coro.paroquiabaixadabanheira.org\/index.php?rest_route=\/wp\/v2\/users\/3"}],"replies":[{"embeddable":true,"href":"https:\/\/coro.paroquiabaixadabanheira.org\/index.php?rest_route=%2Fwp%2Fv2%2Fcomments&post=1953"}],"version-history":[{"count":9,"href":"https:\/\/coro.paroquiabaixadabanheira.org\/index.php?rest_route=\/wp\/v2\/posts\/1953\/revisions"}],"predecessor-version":[{"id":1983,"href":"https:\/\/coro.paroquiabaixadabanheira.org\/index.php?rest_route=\/wp\/v2\/posts\/1953\/revisions\/1983"}],"wp:attachment":[{"href":"https:\/\/coro.paroquiabaixadabanheira.org\/index.php?rest_route=%2Fwp%2Fv2%2Fmedia&parent=1953"}],"wp:term":[{"taxonomy":"category","embeddable":true,"href":"https:\/\/coro.paroquiabaixadabanheira.org\/index.php?rest_route=%2Fwp%2Fv2%2Fcategories&post=1953"},{"taxonomy":"post_tag","embeddable":true,"href":"https:\/\/coro.paroquiabaixadabanheira.org\/index.php?rest_route=%2Fwp%2Fv2%2Ftags&post=1953"}],"curies":[{"name":"wp","href":"https:\/\/api.w.org\/{rel}","templated":true}]}}