{"id":1969,"date":"2016-03-17T00:55:33","date_gmt":"2016-03-17T00:55:33","guid":{"rendered":"http:\/\/coro.paroquiabaixadabanheira.org\/?p=1969"},"modified":"2016-03-17T00:55:33","modified_gmt":"2016-03-17T00:55:33","slug":"domingo-de-ramos-na-paixao-do-senhor","status":"publish","type":"post","link":"https:\/\/coro.paroquiabaixadabanheira.org\/?p=1969","title":{"rendered":"Domingo de Ramos na Paix\u00e3o do Senhor"},"content":{"rendered":"<p><strong>C\u00e2nticos para\u00a0o\u00a0Domingo\u00a0de\u00a0Ramos\u00a0na Paix\u00e3o do Senhor \u2013\u00a0Ano\u00a0C\u00a0(<\/strong><a href=\"http:\/\/www.liturgia.pt\/liturgiadiaria\/dia.php?data=2016-3-20\"><strong>liturgia<\/strong><strong>)<\/strong><\/a><\/p>\n<p>Relembro que o ensaio \u00e9\u00a0Sexta-Feira dia 18\/03\/2016 as 21horas<\/p>\n<ul>\n<li>Entrada: <a href=\"http:\/\/coro.paroquiabaixadabanheira.org\/reportorio\/diversos\/hossana.pdf\">Hossana nas Alturas<\/a><\/li>\n<li>M. Penitencial: <a href=\"http:\/\/coro.paroquiabaixadabanheira.org\/reportorio\/penitencial\/misericordia.pdf\">Miseric\u00f3rdia<\/a><\/li>\n<li>Salmo\u00a021 (22):\u00a0<em><a href=\"http:\/\/www.liturgia.pt\/multimedia\/mp3\/SalmosResponsoriais\/019_ABC_11SemSantRamos-MeuDeus.mp3\">\u201dMeu Deus, meu Deus, porque me abandonaste?\u201d<\/a><\/em><\/li>\n<li>Aclama\u00e7\u00e3o ao Evangelho: \u00a0<a href=\"http:\/\/coro.paroquiabaixadabanheira.org\/reportorio\/aclama\/louvor.gloria.vos.cartageno.pdf\">Louvor e Gl\u00f3ria a\u00a0V\u00f3s Cartageno<\/a>\u00a0 <strong>\u201d Cristo obedeceu at\u00e9 a morte e morte de cruz.<\/strong><strong> Por isso Deus O exaltou e Lhe deu um<\/strong><strong> nome que est\u00e1 acima de todos os nomes.\u201d<\/strong><\/li>\n<li>Apresenta\u00e7\u00e3o dos Dons: <a href=\"http:\/\/coro.paroquiabaixadabanheira.org\/reportorio\/diversos\/misericordes.sicut.pater.pdf\">Misericordes Sicut Pater <\/a><\/li>\n<li>Santo: <a href=\"http:\/\/coro.paroquiabaixadabanheira.org\/reportorio\/santo\/santo.jose.augusto.pdf\">Santo (Jos\u00e9 Augusto)<\/a><\/li>\n<li>Cordeiro:\u00a0<a href=\"http:\/\/coro.paroquiabaixadabanheira.org\/reportorio\/cordeiro\/cordeiro.aragues.pdf\">Cordeiro (Aragues)<\/a><\/li>\n<li>Comunh\u00e3o: <a href=\"http:\/\/coro.paroquiabaixadabanheira.org\/reportorio\/quaresma\/pai.se.este.calice.pdf\">Pai, se este c\u00e1lice<\/a><\/li>\n<li>Ac\u00e7\u00e3o de Gra\u00e7as: <a href=\"http:\/\/coro.paroquiabaixadabanheira.org\/reportorio\/taize\/in.manus.tuas.pater.pdf\">In manus tuas, pater<\/a><\/li>\n<li>Final: <a href=\"http:\/\/coro.paroquiabaixadabanheira.org\/reportorio\/quaresma\/cobriu.se.a.terra.pdf\">Cobriu-se a Terra de Luto<\/a><\/li>\n<\/ul>\n<p>Trazer:<\/p>\n<ul>\n<li><a href=\"http:\/\/coro.paroquiabaixadabanheira.org\/reportorio\/quaresma\/hossana.tu.reinaras.pdf\">Hossana!Tu Reinar\u00e1s!<\/a><\/li>\n<li><a href=\"http:\/\/coro.paroquiabaixadabanheira.org\/reportorio\/gloria\/gloria.a.deus.a.cartageno.pdf\">Gloria Cartageno<\/a><\/li>\n<\/ul>\n","protected":false},"excerpt":{"rendered":"<p>C\u00e2nticos para\u00a0o\u00a0Domingo\u00a0de\u00a0Ramos\u00a0na Paix\u00e3o do Senhor \u2013\u00a0Ano\u00a0C\u00a0(liturgia) Relembro que o ensaio \u00e9\u00a0Sexta-Feira dia 18\/03\/2016 as 21horas Entrada: Hossana nas Alturas M. Penitencial: Miseric\u00f3rdia Salmo\u00a021 (22):\u00a0\u201dMeu Deus, meu Deus, porque me abandonaste?\u201d Aclama\u00e7\u00e3o ao Evangelho: \u00a0Louvor e Gl\u00f3ria a\u00a0V\u00f3s Cartageno\u00a0 \u201d Cristo &hellip;<\/p>\n<p class=\"read-more\"> <a class=\"more-link\" href=\"https:\/\/coro.paroquiabaixadabanheira.org\/?p=1969\"> <span class=\"screen-reader-text\">Domingo de Ramos na Paix\u00e3o do Senhor<\/span> Read More &raquo;<\/a><\/p>\n","protected":false},"author":3,"featured_media":0,"comment_status":"open","ping_status":"open","sticky":false,"template":"","format":"standard","meta":{"footnotes":""},"categories":[3],"tags":[],"class_list":["post-1969","post","type-post","status-publish","format-standard","hentry","category-ensaios"],"_links":{"self":[{"href":"https:\/\/coro.paroquiabaixadabanheira.org\/index.php?rest_route=\/wp\/v2\/posts\/1969","targetHints":{"allow":["GET"]}}],"collection":[{"href":"https:\/\/coro.paroquiabaixadabanheira.org\/index.php?rest_route=\/wp\/v2\/posts"}],"about":[{"href":"https:\/\/coro.paroquiabaixadabanheira.org\/index.php?rest_route=\/wp\/v2\/types\/post"}],"author":[{"embeddable":true,"href":"https:\/\/coro.paroquiabaixadabanheira.org\/index.php?rest_route=\/wp\/v2\/users\/3"}],"replies":[{"embeddable":true,"href":"https:\/\/coro.paroquiabaixadabanheira.org\/index.php?rest_route=%2Fwp%2Fv2%2Fcomments&post=1969"}],"version-history":[{"count":4,"href":"https:\/\/coro.paroquiabaixadabanheira.org\/index.php?rest_route=\/wp\/v2\/posts\/1969\/revisions"}],"predecessor-version":[{"id":1973,"href":"https:\/\/coro.paroquiabaixadabanheira.org\/index.php?rest_route=\/wp\/v2\/posts\/1969\/revisions\/1973"}],"wp:attachment":[{"href":"https:\/\/coro.paroquiabaixadabanheira.org\/index.php?rest_route=%2Fwp%2Fv2%2Fmedia&parent=1969"}],"wp:term":[{"taxonomy":"category","embeddable":true,"href":"https:\/\/coro.paroquiabaixadabanheira.org\/index.php?rest_route=%2Fwp%2Fv2%2Fcategories&post=1969"},{"taxonomy":"post_tag","embeddable":true,"href":"https:\/\/coro.paroquiabaixadabanheira.org\/index.php?rest_route=%2Fwp%2Fv2%2Ftags&post=1969"}],"curies":[{"name":"wp","href":"https:\/\/api.w.org\/{rel}","templated":true}]}}