{"id":1975,"date":"2016-03-20T01:20:06","date_gmt":"2016-03-20T01:20:06","guid":{"rendered":"http:\/\/coro.paroquiabaixadabanheira.org\/?p=1975"},"modified":"2016-03-20T01:20:06","modified_gmt":"2016-03-20T01:20:06","slug":"laudes-de-sexta-feira-santa-2","status":"publish","type":"post","link":"https:\/\/coro.paroquiabaixadabanheira.org\/?p=1975","title":{"rendered":"Laudes de Sexta-Feira Santa"},"content":{"rendered":"<p>\u00c0s 9h00 do dia 25\/03\/2015 (Sexta-feira Santa) iremos\u00a0organizar a ora\u00e7\u00e3o de <strong>Laudes<\/strong> -uma das horas lit\u00fargicas da Liturgia das Horas que destina-se a santificar o tempo da manh\u00e3, consagrando a Deus os primeiros movimentos e a atividade de todo o dia que come\u00e7a).<\/p>\n<p>O ensaio ser\u00e1 dia\u00a022\/03\/2016 (Ter\u00e7a-feira Santa) \u00e0s 21h.\u00a0Trazer para o ensaio\u00a0as musicas:<\/p>\n<p><a href=\"http:\/\/coro.paroquiabaixadabanheira.org\/reportorio\/quaresma\/hossana.tu.reinaras.pdf\">Hossana!Tu Reinar\u00e1s!<\/a><\/p>\n<p><a href=\"http:\/\/coro.paroquiabaixadabanheira.org\/reportorio\/livros\/laudes.sexta.pdf\">Ora\u00e7\u00e3o de Laudes &#8211; Sexta-Feira Santa<\/a><\/p>\n<p><a href=\"http:\/\/coro.paroquiabaixadabanheira.org\/reportorio\/penitencial\/senhor.tende.piedade.2.pdf\">Senhor, Tende Piedade\u00a0T.Aragues<\/a><\/p>\n<p>Depois do ensaio da ora\u00e7\u00e3o de Laudes\u00a0iremos\u00a0ensaiar com os salmistas os salmos para o Tr\u00edduo Pascal.<\/p>\n","protected":false},"excerpt":{"rendered":"<p>\u00c0s 9h00 do dia 25\/03\/2015 (Sexta-feira Santa) iremos\u00a0organizar a ora\u00e7\u00e3o de Laudes -uma das horas lit\u00fargicas da Liturgia das Horas que destina-se a santificar o tempo da manh\u00e3, consagrando a Deus os primeiros movimentos e a atividade de todo o &hellip;<\/p>\n<p class=\"read-more\"> <a class=\"more-link\" href=\"https:\/\/coro.paroquiabaixadabanheira.org\/?p=1975\"> <span class=\"screen-reader-text\">Laudes de Sexta-Feira Santa<\/span> Read More &raquo;<\/a><\/p>\n","protected":false},"author":3,"featured_media":0,"comment_status":"open","ping_status":"open","sticky":false,"template":"","format":"standard","meta":{"footnotes":""},"categories":[3],"tags":[],"class_list":["post-1975","post","type-post","status-publish","format-standard","hentry","category-ensaios"],"_links":{"self":[{"href":"https:\/\/coro.paroquiabaixadabanheira.org\/index.php?rest_route=\/wp\/v2\/posts\/1975","targetHints":{"allow":["GET"]}}],"collection":[{"href":"https:\/\/coro.paroquiabaixadabanheira.org\/index.php?rest_route=\/wp\/v2\/posts"}],"about":[{"href":"https:\/\/coro.paroquiabaixadabanheira.org\/index.php?rest_route=\/wp\/v2\/types\/post"}],"author":[{"embeddable":true,"href":"https:\/\/coro.paroquiabaixadabanheira.org\/index.php?rest_route=\/wp\/v2\/users\/3"}],"replies":[{"embeddable":true,"href":"https:\/\/coro.paroquiabaixadabanheira.org\/index.php?rest_route=%2Fwp%2Fv2%2Fcomments&post=1975"}],"version-history":[{"count":2,"href":"https:\/\/coro.paroquiabaixadabanheira.org\/index.php?rest_route=\/wp\/v2\/posts\/1975\/revisions"}],"predecessor-version":[{"id":1977,"href":"https:\/\/coro.paroquiabaixadabanheira.org\/index.php?rest_route=\/wp\/v2\/posts\/1975\/revisions\/1977"}],"wp:attachment":[{"href":"https:\/\/coro.paroquiabaixadabanheira.org\/index.php?rest_route=%2Fwp%2Fv2%2Fmedia&parent=1975"}],"wp:term":[{"taxonomy":"category","embeddable":true,"href":"https:\/\/coro.paroquiabaixadabanheira.org\/index.php?rest_route=%2Fwp%2Fv2%2Fcategories&post=1975"},{"taxonomy":"post_tag","embeddable":true,"href":"https:\/\/coro.paroquiabaixadabanheira.org\/index.php?rest_route=%2Fwp%2Fv2%2Ftags&post=1975"}],"curies":[{"name":"wp","href":"https:\/\/api.w.org\/{rel}","templated":true}]}}