{"id":2037,"date":"2016-05-12T08:30:07","date_gmt":"2016-05-12T08:30:07","guid":{"rendered":"http:\/\/coro.paroquiabaixadabanheira.org\/?p=2037"},"modified":"2016-05-12T08:33:37","modified_gmt":"2016-05-12T08:33:37","slug":"domingo-de-pentecostes-5","status":"publish","type":"post","link":"https:\/\/coro.paroquiabaixadabanheira.org\/?p=2037","title":{"rendered":"Domingo de Pentecostes"},"content":{"rendered":"<p><strong>C\u00e2nticos para\u00a0o\u00a0Domingo\u00a0de Pentecostes <\/strong><strong>\u2013\u00a0Ano\u00a0C\u00a0(<\/strong><strong><a href=\"http:\/\/www.liturgia.pt\/liturgiadiaria\/dia.php?data=2016-5-15\">liturgia<\/a>)<\/strong><\/p>\n<p><span class=\"Apple-style-span\" style=\"font-family: Times, 'Times New Roman', serif; font-size: large;\"><em>Quando chegou o dia de Pentecostes eles estavam reunidos no mesmo lugar, <\/em><\/span><i><span class=\"Apple-style-span\" style=\"font-family: Times, 'Times New Roman', serif; font-size: large;\">um vento do c\u00e9u encheu a casa e l\u00ednguas de fogo poisaram sobre eles, <\/span><\/i><i><span class=\"Apple-style-span\" style=\"font-family: Times, 'Times New Roman', serif; font-size: large;\">ficaram cheios do Esp\u00edrito Santo e come\u00e7aram a falar.<\/span><\/i><\/p>\n<p>Devido a recita\u00e7\u00e3o do Ter\u00e7o na igreja, o ensaios ser\u00e1 no sal\u00e3o a mesma hora.<\/p>\n<ul>\n<li>Entrada:\u00a0<a href=\"http:\/\/coro.paroquiabaixadabanheira.org\/reportorio\/pentecostes\/espirito.do.senhor.pdf\">O Espirito do Senhor encheu a terra<\/a>\u00a0ou <a href=\"http:\/\/coro.paroquiabaixadabanheira.org\/reportorio\/pentecostes\/o.senhor.nos.dara.o.espirito.pdf\">O Senhor Nos Dar\u00e1 o Esp\u00edrito<\/a><\/li>\n<li>M. Penitencial:\u00a0<a href=\"http:\/\/coro.paroquiabaixadabanheira.org\/reportorio\/penitencial\/senhor.tende.piedade.2.pdf\">Senhor, Tende Piedade\u00a0(Tom\u00e1s de Aragues)<\/a><\/li>\n<li>Aspers\u00e3o:\u00a0<a href=\"http:\/\/coro.paroquiabaixadabanheira.org\/reportorio\/baptismo\/vos.que.fostes.baptizados.pdf\">V\u00f3s que Fostes Baptizados<\/a><\/li>\n<li>Gl\u00f3ria: <a href=\"http:\/\/coro.paroquiabaixadabanheira.org\/reportorio\/gloria\/gloria.2.vozes.pdf\">Gloria 2 Vozes<\/a><\/li>\n<li>Salmo:\u00a0103 (104) <a href=\"http:\/\/www.liturgia.pt\/multimedia\/mp3\/SalmosResponsoriais\/034_Pas09APentecostes-MandaiSenhor.mp3\"><em>\u201dMandai, Senhor o vosso espirito, e renovai a terra\u201d<\/em><\/a><\/li>\n<li>Aclama\u00e7\u00e3o ao Evangelho:\u00a0\u00a0<a href=\"http:\/\/coro.paroquiabaixadabanheira.org\/reportorio\/pascoa\/aleluia.pascal.pdf\">Aleluia Pascal<\/a> <strong>\u201cVinde, Espirito Santo, enchei os cora\u00e7\u00f5es dos vossos fi\u00e9is e acendei neles o fogo do vosso amor.\u201d<\/strong><\/li>\n<li>Apresenta\u00e7\u00e3o dos Dons: <a href=\"http:\/\/coro.paroquiabaixadabanheira.org\/reportorio\/pentecostes\/o.espirito.do.senhor.pdf\">O Esp\u00edrito do Senhor<\/a><\/li>\n<li>Santo:\u00a0<a href=\"http:\/\/coro.paroquiabaixadabanheira.org\/reportorio\/santo\/santo.psallite.pdf\">Santo (Ac\u00edlio Mendes)<\/a><\/li>\n<li>Cordeiro: <a href=\"http:\/\/coro.paroquiabaixadabanheira.org\/reportorio\/cordeiro\/cordeiro.aragues.pdf\">Cordeiro (Aragues)<\/a><\/li>\n<li>Comunh\u00e3o: <a href=\"http:\/\/coro.paroquiabaixadabanheira.org\/reportorio\/pentecostes\/lo.spirito.del.signore.pdf\">Lo Spirito del Signore<\/a>\u00a0ou <a href=\"http:\/\/coro.paroquiabaixadabanheira.org\/reportorio\/pentecostes\/espirito.de.amor.pdf\">Esp\u00edrito de Amor<\/a><\/li>\n<li>Ac\u00e7\u00e3o de Gra\u00e7as: <a href=\"http:\/\/coro.paroquiabaixadabanheira.org\/reportorio\/maria\/a.virgem.cheia.de.graca.pdf\">\u00c0\u00a0Virgem cheia de gra\u00e7a<\/a><\/li>\n<li>Final: <a href=\"http:\/\/coro.paroquiabaixadabanheira.org\/reportorio\/pentecostes\/cristo.precisa.de.ti.pdf\">Cristo Precisa de Ti<\/a><\/li>\n<\/ul>\n","protected":false},"excerpt":{"rendered":"<p>C\u00e2nticos para\u00a0o\u00a0Domingo\u00a0de Pentecostes \u2013\u00a0Ano\u00a0C\u00a0(liturgia) Quando chegou o dia de Pentecostes eles estavam reunidos no mesmo lugar, um vento do c\u00e9u encheu a casa e l\u00ednguas de fogo poisaram sobre eles, ficaram cheios do Esp\u00edrito Santo e come\u00e7aram a falar. Devido &hellip;<\/p>\n<p class=\"read-more\"> <a class=\"more-link\" href=\"https:\/\/coro.paroquiabaixadabanheira.org\/?p=2037\"> <span class=\"screen-reader-text\">Domingo de Pentecostes<\/span> Read More &raquo;<\/a><\/p>\n","protected":false},"author":3,"featured_media":0,"comment_status":"open","ping_status":"open","sticky":false,"template":"","format":"standard","meta":{"footnotes":""},"categories":[3],"tags":[],"class_list":["post-2037","post","type-post","status-publish","format-standard","hentry","category-ensaios"],"_links":{"self":[{"href":"https:\/\/coro.paroquiabaixadabanheira.org\/index.php?rest_route=\/wp\/v2\/posts\/2037","targetHints":{"allow":["GET"]}}],"collection":[{"href":"https:\/\/coro.paroquiabaixadabanheira.org\/index.php?rest_route=\/wp\/v2\/posts"}],"about":[{"href":"https:\/\/coro.paroquiabaixadabanheira.org\/index.php?rest_route=\/wp\/v2\/types\/post"}],"author":[{"embeddable":true,"href":"https:\/\/coro.paroquiabaixadabanheira.org\/index.php?rest_route=\/wp\/v2\/users\/3"}],"replies":[{"embeddable":true,"href":"https:\/\/coro.paroquiabaixadabanheira.org\/index.php?rest_route=%2Fwp%2Fv2%2Fcomments&post=2037"}],"version-history":[{"count":3,"href":"https:\/\/coro.paroquiabaixadabanheira.org\/index.php?rest_route=\/wp\/v2\/posts\/2037\/revisions"}],"predecessor-version":[{"id":2040,"href":"https:\/\/coro.paroquiabaixadabanheira.org\/index.php?rest_route=\/wp\/v2\/posts\/2037\/revisions\/2040"}],"wp:attachment":[{"href":"https:\/\/coro.paroquiabaixadabanheira.org\/index.php?rest_route=%2Fwp%2Fv2%2Fmedia&parent=2037"}],"wp:term":[{"taxonomy":"category","embeddable":true,"href":"https:\/\/coro.paroquiabaixadabanheira.org\/index.php?rest_route=%2Fwp%2Fv2%2Fcategories&post=2037"},{"taxonomy":"post_tag","embeddable":true,"href":"https:\/\/coro.paroquiabaixadabanheira.org\/index.php?rest_route=%2Fwp%2Fv2%2Ftags&post=2037"}],"curies":[{"name":"wp","href":"https:\/\/api.w.org\/{rel}","templated":true}]}}