{"id":2049,"date":"2016-05-22T18:59:48","date_gmt":"2016-05-22T18:59:48","guid":{"rendered":"http:\/\/coro.paroquiabaixadabanheira.org\/?p=2049"},"modified":"2016-05-22T18:59:48","modified_gmt":"2016-05-22T18:59:48","slug":"terco-26-de-maio-de-2016","status":"publish","type":"post","link":"https:\/\/coro.paroquiabaixadabanheira.org\/?p=2049","title":{"rendered":"Ter\u00e7o \u2013 26 de Maio de 2016"},"content":{"rendered":"<p>Ordem das musicas para a recita\u00e7\u00e3o do ter\u00e7o desta quinta-feira, dia\u00a026 de Maio:<\/p>\n<ul>\n<li>Inicio:\u00a0<a href=\"http:\/\/coro.paroquiabaixadabanheira.org\/reportorio\/maria\/maria.de.nazare.pdf\">Maria de Nazar\u00e9<\/a> (1\u00ba estrofe)<\/li>\n<li>1\u00baMist\u00e9rio:\u00a0<a href=\"http:\/\/coro.paroquiabaixadabanheira.org\/reportorio\/maria\/maria.de.nazare.pdf\">Maria de Nazar\u00e9<\/a>\u00a0(2\u00ba estrofe)<\/li>\n<li>2\u00baMist\u00e9rio:\u00a0<a href=\"http:\/\/coro.paroquiabaixadabanheira.org\/reportorio\/maria\/mae.do.povo.pdf\">M\u00e3e do Povo<\/a>\u00a0(1\u00ba estrofe)<\/li>\n<li>3\u00baMist\u00e9rio:\u00a0<a href=\"http:\/\/coro.paroquiabaixadabanheira.org\/reportorio\/maria\/mae.do.povo.pdf\">M\u00e3e do Povo<\/a>\u00a0(2\u00ba estrofe)<\/li>\n<li>4\u00baMist\u00e9rio:\u00a0<a href=\"http:\/\/coro.paroquiabaixadabanheira.org\/reportorio\/maria\/mae.do.povo.pdf\">M\u00e3e do Povo<\/a>\u00a0\u00a0(3\u00ba\u00a0estrofe)<\/li>\n<li>5\u00baMist\u00e9rio:\u00a0<a href=\"http:\/\/coro.paroquiabaixadabanheira.org\/reportorio\/maria\/tu.es.a.gloria.de.jerusalem.pdf\">Tu \u00e9s a gloria de Jerusal\u00e9m<\/a>\u00a0(1\u00ba e 2\u00ba\u00a0estrofe)<\/li>\n<li>Final: <a href=\"http:\/\/coro.paroquiabaixadabanheira.org\/reportorio\/maria\/a.treze.de.maio.pdf\">A treze de Maio<\/a>\u00a0(11\u00ba e 12\u00ba estrofe)<\/li>\n<\/ul>\n","protected":false},"excerpt":{"rendered":"<p>Ordem das musicas para a recita\u00e7\u00e3o do ter\u00e7o desta quinta-feira, dia\u00a026 de Maio: Inicio:\u00a0Maria de Nazar\u00e9 (1\u00ba estrofe) 1\u00baMist\u00e9rio:\u00a0Maria de Nazar\u00e9\u00a0(2\u00ba estrofe) 2\u00baMist\u00e9rio:\u00a0M\u00e3e do Povo\u00a0(1\u00ba estrofe) 3\u00baMist\u00e9rio:\u00a0M\u00e3e do Povo\u00a0(2\u00ba estrofe) 4\u00baMist\u00e9rio:\u00a0M\u00e3e do Povo\u00a0\u00a0(3\u00ba\u00a0estrofe) 5\u00baMist\u00e9rio:\u00a0Tu \u00e9s a gloria de Jerusal\u00e9m\u00a0(1\u00ba e &hellip;<\/p>\n<p class=\"read-more\"> <a class=\"more-link\" href=\"https:\/\/coro.paroquiabaixadabanheira.org\/?p=2049\"> <span class=\"screen-reader-text\">Ter\u00e7o \u2013 26 de Maio de 2016<\/span> Read More &raquo;<\/a><\/p>\n","protected":false},"author":3,"featured_media":0,"comment_status":"open","ping_status":"open","sticky":false,"template":"","format":"standard","meta":{"footnotes":""},"categories":[3],"tags":[],"class_list":["post-2049","post","type-post","status-publish","format-standard","hentry","category-ensaios"],"_links":{"self":[{"href":"https:\/\/coro.paroquiabaixadabanheira.org\/index.php?rest_route=\/wp\/v2\/posts\/2049","targetHints":{"allow":["GET"]}}],"collection":[{"href":"https:\/\/coro.paroquiabaixadabanheira.org\/index.php?rest_route=\/wp\/v2\/posts"}],"about":[{"href":"https:\/\/coro.paroquiabaixadabanheira.org\/index.php?rest_route=\/wp\/v2\/types\/post"}],"author":[{"embeddable":true,"href":"https:\/\/coro.paroquiabaixadabanheira.org\/index.php?rest_route=\/wp\/v2\/users\/3"}],"replies":[{"embeddable":true,"href":"https:\/\/coro.paroquiabaixadabanheira.org\/index.php?rest_route=%2Fwp%2Fv2%2Fcomments&post=2049"}],"version-history":[{"count":1,"href":"https:\/\/coro.paroquiabaixadabanheira.org\/index.php?rest_route=\/wp\/v2\/posts\/2049\/revisions"}],"predecessor-version":[{"id":2050,"href":"https:\/\/coro.paroquiabaixadabanheira.org\/index.php?rest_route=\/wp\/v2\/posts\/2049\/revisions\/2050"}],"wp:attachment":[{"href":"https:\/\/coro.paroquiabaixadabanheira.org\/index.php?rest_route=%2Fwp%2Fv2%2Fmedia&parent=2049"}],"wp:term":[{"taxonomy":"category","embeddable":true,"href":"https:\/\/coro.paroquiabaixadabanheira.org\/index.php?rest_route=%2Fwp%2Fv2%2Fcategories&post=2049"},{"taxonomy":"post_tag","embeddable":true,"href":"https:\/\/coro.paroquiabaixadabanheira.org\/index.php?rest_route=%2Fwp%2Fv2%2Ftags&post=2049"}],"curies":[{"name":"wp","href":"https:\/\/api.w.org\/{rel}","templated":true}]}}