{"id":2090,"date":"2016-06-30T00:03:57","date_gmt":"2016-06-30T00:03:57","guid":{"rendered":"http:\/\/coro.paroquiabaixadabanheira.org\/?p=2090"},"modified":"2016-06-30T00:05:05","modified_gmt":"2016-06-30T00:05:05","slug":"domingo-xiv-do-tempo-comum-7","status":"publish","type":"post","link":"https:\/\/coro.paroquiabaixadabanheira.org\/?p=2090","title":{"rendered":"Domingo XIV do Tempo Comum"},"content":{"rendered":"<p><strong>C\u00e2nticos para\u00a0o Domingo\u00a0XIV do Tempo Comum\u2013 Ano C\u00a0(<\/strong><a href=\"http:\/\/www.liturgia.pt\/liturgiadiaria\/dia.php?data=2016-7-03\"><strong>liturgia<\/strong><strong>)<\/strong><\/a><\/p>\n<p>Devido\u00a0\u00e0 realiza\u00e7\u00e3o da reuni\u00e3o do Conselho Pastoral na Sexta-Feira, dia 1 de Julho, o\u00a0ensaio ser\u00e1 S\u00e1bado, dia 2 de Julho,\u00a0\u00e0 mesma hora.<\/p>\n<ul>\n<li>Entrada: <a href=\"http:\/\/coro.paroquiabaixadabanheira.org\/reportorio\/entrada\/igreja.reunida.pdf\">Igreja Reunida<\/a><\/li>\n<li>M. Penitencial: <a href=\"http:\/\/coro.paroquiabaixadabanheira.org\/reportorio\/penitencial\/misericordia.pdf\">Miseric\u00f3rdia<\/a><\/li>\n<li>Salmo:\u00a065(66) <a href=\"http:\/\/www.liturgia.pt\/multimedia\/mp3\/SalmosResponsoriais\/148_TC_C_14Dom-ATerraInteira.mp3\"><em>\u201dA terra inteira aclame o Senhor<\/em><em>\u201d<\/em><\/a><\/li>\n<li>Aclama\u00e7\u00e3o ao Evangelho:\u00a0\u00a0<a href=\"http:\/\/coro.paroquiabaixadabanheira.org\/reportorio\/aclama\/aleluia.manuel.simoes.pdf\">Aleluia (Manuel Sim\u00f5es)<\/a> <strong>\u201cReine em vossos cora\u00e7\u00f5es a paz de Cristo, habite em v\u00f3s a sua palavra.\u201d<\/strong><\/li>\n<li>Apresenta\u00e7\u00e3o dos Dons:\u00a0<a href=\"http:\/\/coro.paroquiabaixadabanheira.org\/reportorio\/diversos\/seara.grande.pdf\">A seara \u00e9 grande<\/a>\u00a0ou <a href=\"http:\/\/coro.paroquiabaixadabanheira.org\/reportorio\/ofertorio\/a.ti.meu.deus.pdf\">A Ti Meu Deus<\/a><\/li>\n<li>Santo: <a href=\"http:\/\/coro.paroquiabaixadabanheira.org\/reportorio\/santo\/santo.cartageno.pdf\">Santo cartageno<\/a><\/li>\n<li>Cordeiro: <a href=\"http:\/\/coro.paroquiabaixadabanheira.org\/reportorio\/cordeiro\/cordeiro.cartageno.pdf\">Cordeiro (A. Cartageno)<\/a><\/li>\n<li>Comunh\u00e3o:\u00a0<a href=\"http:\/\/coro.paroquiabaixadabanheira.org\/reportorio\/comunhao\/senhor.eu.acredito.pdf\">Senhor eu acredito<\/a>\u00a0ou <a href=\"http:\/\/coro.paroquiabaixadabanheira.org\/reportorio\/comunhao\/meu.pao.sagrado.pdf\">Meu P\u00e3o Sagrado<\/a><\/li>\n<li>Ac\u00e7\u00e3o de Gra\u00e7as: <a href=\"http:\/\/coro.paroquiabaixadabanheira.org\/reportorio\/gracas\/o.reino.de.deus.pdf\">O Reino de Deus<\/a><\/li>\n<li>Final: <a href=\"http:\/\/coro.paroquiabaixadabanheira.org\/reportorio\/final\/quero.ouvir.teu.apelo.senhor.pdf\">Quero Ouvir Teu Apelo Senhor<\/a><\/li>\n<\/ul>\n<p>Trazer:<\/p>\n<ul>\n<li><a href=\"http:\/\/coro.paroquiabaixadabanheira.org\/reportorio\/diversos\/eis.o.servo.fiel.e.diligente.pdf\">Eis o servo fiel e diligente<\/a><\/li>\n<li><a href=\"http:\/\/coro.paroquiabaixadabanheira.org\/reportorio\/diversos\/o.famintos.do.pao.divino.pdf\">\u00d3 famintos do p\u00e3o divino<\/a><\/li>\n<li><a href=\"http:\/\/coro.paroquiabaixadabanheira.org\/reportorio\/penitencial\/kyrie.eleison.mario.soroldoni.pdf\">Kyrie Eleison (M\u00e1rio Soroldoni)<\/a><\/li>\n<li><a title=\"Taiz\u00e9\" href=\"http:\/\/coro.paroquiabaixadabanheira.org\/reportorio\/baptismo\/aguas.das.fontes.pdf\">\u00c1guas das fontes<\/a><\/li>\n<li><a href=\"http:\/\/coro.paroquiabaixadabanheira.org\/reportorio\/maria\/magnificat.acilio.mendes.pdf\">Magnificat (Frei Ac\u00edlio Mendes)<\/a><\/li>\n<li><a href=\"http:\/\/coro.paroquiabaixadabanheira.org\/reportorio\/diversos\/meu.deus.eu.creio.pdf\">Meu Deus eu creio<\/a><\/li>\n<\/ul>\n","protected":false},"excerpt":{"rendered":"<p>C\u00e2nticos para\u00a0o Domingo\u00a0XIV do Tempo Comum\u2013 Ano C\u00a0(liturgia) Devido\u00a0\u00e0 realiza\u00e7\u00e3o da reuni\u00e3o do Conselho Pastoral na Sexta-Feira, dia 1 de Julho, o\u00a0ensaio ser\u00e1 S\u00e1bado, dia 2 de Julho,\u00a0\u00e0 mesma hora. Entrada: Igreja Reunida M. Penitencial: Miseric\u00f3rdia Salmo:\u00a065(66) \u201dA terra inteira &hellip;<\/p>\n<p class=\"read-more\"> <a class=\"more-link\" href=\"https:\/\/coro.paroquiabaixadabanheira.org\/?p=2090\"> <span class=\"screen-reader-text\">Domingo XIV do Tempo Comum<\/span> Read More &raquo;<\/a><\/p>\n","protected":false},"author":3,"featured_media":0,"comment_status":"open","ping_status":"open","sticky":false,"template":"","format":"standard","meta":{"footnotes":""},"categories":[3],"tags":[],"class_list":["post-2090","post","type-post","status-publish","format-standard","hentry","category-ensaios"],"_links":{"self":[{"href":"https:\/\/coro.paroquiabaixadabanheira.org\/index.php?rest_route=\/wp\/v2\/posts\/2090","targetHints":{"allow":["GET"]}}],"collection":[{"href":"https:\/\/coro.paroquiabaixadabanheira.org\/index.php?rest_route=\/wp\/v2\/posts"}],"about":[{"href":"https:\/\/coro.paroquiabaixadabanheira.org\/index.php?rest_route=\/wp\/v2\/types\/post"}],"author":[{"embeddable":true,"href":"https:\/\/coro.paroquiabaixadabanheira.org\/index.php?rest_route=\/wp\/v2\/users\/3"}],"replies":[{"embeddable":true,"href":"https:\/\/coro.paroquiabaixadabanheira.org\/index.php?rest_route=%2Fwp%2Fv2%2Fcomments&post=2090"}],"version-history":[{"count":3,"href":"https:\/\/coro.paroquiabaixadabanheira.org\/index.php?rest_route=\/wp\/v2\/posts\/2090\/revisions"}],"predecessor-version":[{"id":2093,"href":"https:\/\/coro.paroquiabaixadabanheira.org\/index.php?rest_route=\/wp\/v2\/posts\/2090\/revisions\/2093"}],"wp:attachment":[{"href":"https:\/\/coro.paroquiabaixadabanheira.org\/index.php?rest_route=%2Fwp%2Fv2%2Fmedia&parent=2090"}],"wp:term":[{"taxonomy":"category","embeddable":true,"href":"https:\/\/coro.paroquiabaixadabanheira.org\/index.php?rest_route=%2Fwp%2Fv2%2Fcategories&post=2090"},{"taxonomy":"post_tag","embeddable":true,"href":"https:\/\/coro.paroquiabaixadabanheira.org\/index.php?rest_route=%2Fwp%2Fv2%2Ftags&post=2090"}],"curies":[{"name":"wp","href":"https:\/\/api.w.org\/{rel}","templated":true}]}}