{"id":2094,"date":"2016-07-06T00:05:38","date_gmt":"2016-07-06T00:05:38","guid":{"rendered":"http:\/\/coro.paroquiabaixadabanheira.org\/?p=2094"},"modified":"2016-07-07T00:03:39","modified_gmt":"2016-07-07T00:03:39","slug":"solenidade-s-jose-esposo-da-virgem-santa-maria","status":"publish","type":"post","link":"https:\/\/coro.paroquiabaixadabanheira.org\/?p=2094","title":{"rendered":"Solenidade S. Jos\u00e9, Esposo da Virgem Santa Maria"},"content":{"rendered":"<p><strong>C\u00e2nticos para\u00a0a\u00a0Missa Solene\u00a0em Honra do Padroeiro da Par\u00f3quia da Baixa da Banheira &#8211; S. Jos\u00e9 Oper\u00e1rio\u00a0(<\/strong><a href=\"http:\/\/www.liturgia.pt\/santos\/santo_v.php?cod_santo=48\"><strong>liturgia<\/strong><strong>)<\/strong><\/a><\/p>\n<p>O ensaio ser\u00e1 realizado no dia\u00a07 de Julho,\u00a0quinta-feira,\u00a0\u00e0 mesma hora.<\/p>\n<ul>\n<li>Entrada: <a href=\"http:\/\/coro.paroquiabaixadabanheira.org\/reportorio\/diversos\/eis.o.servo.fiel.e.diligente.pdf\">Eis o servo fiel e diligente<\/a><\/li>\n<li>Gl\u00f3ria: <a href=\"http:\/\/coro.paroquiabaixadabanheira.org\/reportorio\/gloria\/gloria.a.deus.a.cartageno.pdf\">Gloria Cartageno<\/a>\u00a0ou <a href=\"http:\/\/coro.paroquiabaixadabanheira.org\/reportorio\/gloria\/gloria.2.vozes.pdf\">Gloria 2 Vozes<\/a><\/li>\n<li>Salmo:\u00a088(89) <a href=\"http:\/\/www.liturgia.pt\/multimedia\/mp3\/SalmosResponsoriais\/218_St_SJose_A_sua_descendencia.mp3\"><em>\u201dA sua descend\u00eancia permanecer\u00e1 eternamente<\/em><em>\u201d<\/em><\/a><\/li>\n<li>Aclama\u00e7\u00e3o ao Evangelho:\u00a0\u00a0<a href=\"http:\/\/coro.paroquiabaixadabanheira.org\/reportorio\/aclama\/aleluia.manuel.simoes.pdf\">Aleluia (Manuel Sim\u00f5es)<\/a> <strong>\u201cFelizes os que habitam na vossa casa, Senhor: eles Vos louvar\u00e3o pelos tempos sem fim.\u201d<\/strong><\/li>\n<li>Ladainhas:\u00a0<a href=\"http:\/\/coro.paroquiabaixadabanheira.org\/reportorio\/pascoa\/ladainhas.pdf\">Ladainhas<\/a><\/li>\n<li>Baptismo: <a href=\"http:\/\/coro.paroquiabaixadabanheira.org\/reportorio\/baptismo\/baptizame.senhor.pdf\">Baptiza-me Senhor<\/a><\/li>\n<li>Baptismo: <a href=\"http:\/\/coro.paroquiabaixadabanheira.org\/reportorio\/baptismo\/vos.que.fostes.baptizados.pdf\">V\u00f3s que Fostes Baptizados<\/a><\/li>\n<li>Apresenta\u00e7\u00e3o dos Dons:\u00a0<a href=\"http:\/\/coro.paroquiabaixadabanheira.org\/reportorio\/ofertorio\/a.ti.meu.deus.pdf\">A Ti Meu Deus<\/a><\/li>\n<li>Santo: <a href=\"http:\/\/coro.paroquiabaixadabanheira.org\/reportorio\/santo\/santo.cartageno.pdf\">Santo cartageno<\/a><\/li>\n<li>Cordeiro: <a href=\"http:\/\/coro.paroquiabaixadabanheira.org\/reportorio\/cordeiro\/cordeiro.cartageno.pdf\">Cordeiro (A. Cartageno)<\/a><\/li>\n<li>Comunh\u00e3o: <a href=\"http:\/\/coro.paroquiabaixadabanheira.org\/reportorio\/diversos\/o.famintos.do.pao.divino.pdf\">\u00d3 famintos do p\u00e3o divino<\/a><\/li>\n<li>Ac\u00e7\u00e3o de Gra\u00e7as: <a href=\"http:\/\/coro.paroquiabaixadabanheira.org\/reportorio\/maria\/magnificat.acilio.mendes.pdf\">Magnificat (Frei Ac\u00edlio Mendes)<\/a><\/li>\n<li>Final: <a href=\"http:\/\/coro.paroquiabaixadabanheira.org\/reportorio\/final\/hino.sao.jose.2.pdf\">Hino de\u00a0 S. Jos\u00e9<\/a>\u00a0 <strong><span style=\"color: #008080;\">(Aten\u00e7\u00e3o &#8211; novas estrofes )<\/span><\/strong><\/li>\n<\/ul>\n<p><strong>C\u00e2nticos para\u00a0a\u00a0ora\u00e7\u00e3o das V\u00e9speras\u00a0em Honra de S. Jos\u00e9 Oper\u00e1rio<\/strong><\/p>\n<p>A ora\u00e7\u00e3o das V\u00e9speras ser\u00e1 dia 10 de Julho, domingo, \u00e1s 17 horas.<\/p>\n<ul>\n<li><a href=\"http:\/\/coro.paroquiabaixadabanheira.org\/reportorio\/diversos\/meu.deus.eu.creio.pdf\">Meu Deus eu creio<\/a><\/li>\n<li><a href=\"http:\/\/coro.paroquiabaixadabanheira.org\/reportorio\/final\/hino.sao.jose.2.pdf\">Hino de\u00a0 S. Jos\u00e9<\/a>\u00a0 <span style=\"color: #008080;\"><strong>(Aten\u00e7\u00e3o &#8211; novas estrofes )<\/strong><\/span><\/li>\n<li><a href=\"http:\/\/coro.paroquiabaixadabanheira.org\/reportorio\/maria\/magnificat.acilio.mendes.pdf\">Magnificat (Frei Ac\u00edlio Mendes)<\/a><\/li>\n<li><a href=\"http:\/\/coro.paroquiabaixadabanheira.org\/reportorio\/quaresma\/pange.lingua.pdf\">Pange Lingua<\/a><\/li>\n<\/ul>\n","protected":false},"excerpt":{"rendered":"<p>C\u00e2nticos para\u00a0a\u00a0Missa Solene\u00a0em Honra do Padroeiro da Par\u00f3quia da Baixa da Banheira &#8211; S. Jos\u00e9 Oper\u00e1rio\u00a0(liturgia) O ensaio ser\u00e1 realizado no dia\u00a07 de Julho,\u00a0quinta-feira,\u00a0\u00e0 mesma hora. Entrada: Eis o servo fiel e diligente Gl\u00f3ria: Gloria Cartageno\u00a0ou Gloria 2 Vozes Salmo:\u00a088(89) &hellip;<\/p>\n<p class=\"read-more\"> <a class=\"more-link\" href=\"https:\/\/coro.paroquiabaixadabanheira.org\/?p=2094\"> <span class=\"screen-reader-text\">Solenidade S. Jos\u00e9, Esposo da Virgem Santa Maria<\/span> Read More &raquo;<\/a><\/p>\n","protected":false},"author":3,"featured_media":0,"comment_status":"open","ping_status":"open","sticky":false,"template":"","format":"standard","meta":{"footnotes":""},"categories":[3],"tags":[],"class_list":["post-2094","post","type-post","status-publish","format-standard","hentry","category-ensaios"],"_links":{"self":[{"href":"https:\/\/coro.paroquiabaixadabanheira.org\/index.php?rest_route=\/wp\/v2\/posts\/2094","targetHints":{"allow":["GET"]}}],"collection":[{"href":"https:\/\/coro.paroquiabaixadabanheira.org\/index.php?rest_route=\/wp\/v2\/posts"}],"about":[{"href":"https:\/\/coro.paroquiabaixadabanheira.org\/index.php?rest_route=\/wp\/v2\/types\/post"}],"author":[{"embeddable":true,"href":"https:\/\/coro.paroquiabaixadabanheira.org\/index.php?rest_route=\/wp\/v2\/users\/3"}],"replies":[{"embeddable":true,"href":"https:\/\/coro.paroquiabaixadabanheira.org\/index.php?rest_route=%2Fwp%2Fv2%2Fcomments&post=2094"}],"version-history":[{"count":7,"href":"https:\/\/coro.paroquiabaixadabanheira.org\/index.php?rest_route=\/wp\/v2\/posts\/2094\/revisions"}],"predecessor-version":[{"id":2101,"href":"https:\/\/coro.paroquiabaixadabanheira.org\/index.php?rest_route=\/wp\/v2\/posts\/2094\/revisions\/2101"}],"wp:attachment":[{"href":"https:\/\/coro.paroquiabaixadabanheira.org\/index.php?rest_route=%2Fwp%2Fv2%2Fmedia&parent=2094"}],"wp:term":[{"taxonomy":"category","embeddable":true,"href":"https:\/\/coro.paroquiabaixadabanheira.org\/index.php?rest_route=%2Fwp%2Fv2%2Fcategories&post=2094"},{"taxonomy":"post_tag","embeddable":true,"href":"https:\/\/coro.paroquiabaixadabanheira.org\/index.php?rest_route=%2Fwp%2Fv2%2Ftags&post=2094"}],"curies":[{"name":"wp","href":"https:\/\/api.w.org\/{rel}","templated":true}]}}