{"id":2145,"date":"2016-09-20T21:46:26","date_gmt":"2016-09-20T21:46:26","guid":{"rendered":"http:\/\/coro.paroquiabaixadabanheira.org\/?p=2145"},"modified":"2016-09-20T21:46:26","modified_gmt":"2016-09-20T21:46:26","slug":"domingo-xxvi-do-tempo-comum-6","status":"publish","type":"post","link":"https:\/\/coro.paroquiabaixadabanheira.org\/?p=2145","title":{"rendered":"Domingo XXVI do Tempo Comum"},"content":{"rendered":"<p><strong>Ensaio para a Liturgia Dominical<\/strong> &#8211; Sexta-feira (23\/09\/2016) das 21h00 &#8211; 22h10<\/p>\n<p><strong>Ensaio para o Casamento<\/strong> &#8211; Sexta-feira (23\/09) das 22h10 &#8211; 23h00 e S\u00e1bado (24\/09) das 21h00-22h30<\/p>\n<p><strong>Retiro da Par\u00f3quia<\/strong> &#8211; Ser\u00e1\u00a0nos dias 15 e 16 de Outubro em F\u00e1tima. Os pre\u00e7os s\u00e3o por pessoa e inclui as refei\u00e7\u00f5es. O transporte haver\u00e1 consoante o numero de inscri\u00e7\u00f5es. Quem estiver interessado em ir dever\u00e1 informar-me at\u00e9 Domingo (25\/09).<\/p>\n<p><strong>C\u00e2nticos para\u00a0o Domingo\u00a0XXVI do Tempo Comum\u2013 Ano C\u00a0(<\/strong><a href=\"http:\/\/www.liturgia.pt\/liturgiadiaria\/dia.php?data=2016-9-25\"><strong>liturgia<\/strong><strong>)<\/strong><\/a><\/p>\n<ul>\n<li>Entrada: <a href=\"http:\/\/coro.paroquiabaixadabanheira.org\/reportorio\/entrada\/senhor.quem.entrara.pdf\">Senhor, quem entrar\u00e1<\/a><\/li>\n<li>M. Penitencial: <a href=\"http:\/\/coro.paroquiabaixadabanheira.org\/reportorio\/penitencial\/misericordia.pdf\">Miseric\u00f3rdia<\/a><\/li>\n<li>Salmo:\u00a089(90) <a href=\"http:\/\/www.liturgia.pt\/multimedia\/mp3\/SalmosResponsoriais\/158_TC_C_26Dom-OMinhaAlmaLouva.mp3\"><em>\u201d\u00d3 minha alma, louva o Senhor<\/em><em>\u201d<\/em><\/a><\/li>\n<li>Aclama\u00e7\u00e3o ao Evangelho:\u00a0\u00a0<a href=\"http:\/\/coro.paroquiabaixadabanheira.org\/reportorio\/aclama\/aleluia.pdf\">Aleluia\u00a0(Jos\u00e9 Ant\u00f3nio)<\/a> <strong>\u201cJesus Cristo, sendo rico, fez-Se pobre, para nos enriquecer na sua pobreza\u201d<\/strong><\/li>\n<li>Apresenta\u00e7\u00e3o dos Dons: <a href=\"http:\/\/coro.paroquiabaixadabanheira.org\/reportorio\/ofertorio\/sabes.senhor.pdf\">Sabes Senhor <\/a><\/li>\n<li>Santo: <a href=\"http:\/\/coro.paroquiabaixadabanheira.org\/reportorio\/santo\/santo.cartageno.pdf\">Santo cartageno<\/a><\/li>\n<li>Cordeiro: <a href=\"http:\/\/coro.paroquiabaixadabanheira.org\/reportorio\/cordeiro\/cordeiro.cartageno.pdf\">Cordeiro (A. Cartageno)<\/a><\/li>\n<li>Comunh\u00e3o: <a href=\"http:\/\/coro.paroquiabaixadabanheira.org\/reportorio\/comunhao\/douvos.um.mandamento.novo.pdf\">Dou-vos um Mandamento Novo<\/a><\/li>\n<li>Final: <a href=\"http:\/\/coro.paroquiabaixadabanheira.org\/reportorio\/diversos\/misericordes.sicut.pater.pdf\">Misericordes Sicut Pater <\/a><\/li>\n<\/ul>\n<p>Trazer:<\/p>\n<ul>\n<li>Todas as musicas\u00a0para o\u00a0casamento<\/li>\n<\/ul>\n","protected":false},"excerpt":{"rendered":"<p>Ensaio para a Liturgia Dominical &#8211; Sexta-feira (23\/09\/2016) das 21h00 &#8211; 22h10 Ensaio para o Casamento &#8211; Sexta-feira (23\/09) das 22h10 &#8211; 23h00 e S\u00e1bado (24\/09) das 21h00-22h30 Retiro da Par\u00f3quia &#8211; Ser\u00e1\u00a0nos dias 15 e 16 de Outubro em &hellip;<\/p>\n<p class=\"read-more\"> <a class=\"more-link\" href=\"https:\/\/coro.paroquiabaixadabanheira.org\/?p=2145\"> <span class=\"screen-reader-text\">Domingo XXVI do Tempo Comum<\/span> Read More &raquo;<\/a><\/p>\n","protected":false},"author":3,"featured_media":0,"comment_status":"open","ping_status":"open","sticky":false,"template":"","format":"standard","meta":{"footnotes":""},"categories":[3],"tags":[],"class_list":["post-2145","post","type-post","status-publish","format-standard","hentry","category-ensaios"],"_links":{"self":[{"href":"https:\/\/coro.paroquiabaixadabanheira.org\/index.php?rest_route=\/wp\/v2\/posts\/2145","targetHints":{"allow":["GET"]}}],"collection":[{"href":"https:\/\/coro.paroquiabaixadabanheira.org\/index.php?rest_route=\/wp\/v2\/posts"}],"about":[{"href":"https:\/\/coro.paroquiabaixadabanheira.org\/index.php?rest_route=\/wp\/v2\/types\/post"}],"author":[{"embeddable":true,"href":"https:\/\/coro.paroquiabaixadabanheira.org\/index.php?rest_route=\/wp\/v2\/users\/3"}],"replies":[{"embeddable":true,"href":"https:\/\/coro.paroquiabaixadabanheira.org\/index.php?rest_route=%2Fwp%2Fv2%2Fcomments&post=2145"}],"version-history":[{"count":1,"href":"https:\/\/coro.paroquiabaixadabanheira.org\/index.php?rest_route=\/wp\/v2\/posts\/2145\/revisions"}],"predecessor-version":[{"id":2146,"href":"https:\/\/coro.paroquiabaixadabanheira.org\/index.php?rest_route=\/wp\/v2\/posts\/2145\/revisions\/2146"}],"wp:attachment":[{"href":"https:\/\/coro.paroquiabaixadabanheira.org\/index.php?rest_route=%2Fwp%2Fv2%2Fmedia&parent=2145"}],"wp:term":[{"taxonomy":"category","embeddable":true,"href":"https:\/\/coro.paroquiabaixadabanheira.org\/index.php?rest_route=%2Fwp%2Fv2%2Fcategories&post=2145"},{"taxonomy":"post_tag","embeddable":true,"href":"https:\/\/coro.paroquiabaixadabanheira.org\/index.php?rest_route=%2Fwp%2Fv2%2Ftags&post=2145"}],"curies":[{"name":"wp","href":"https:\/\/api.w.org\/{rel}","templated":true}]}}