{"id":2148,"date":"2016-09-27T17:31:55","date_gmt":"2016-09-27T17:31:55","guid":{"rendered":"http:\/\/coro.paroquiabaixadabanheira.org\/?p=2148"},"modified":"2016-09-27T17:48:19","modified_gmt":"2016-09-27T17:48:19","slug":"domingo-xxvii-do-tempo-comum-4","status":"publish","type":"post","link":"https:\/\/coro.paroquiabaixadabanheira.org\/?p=2148","title":{"rendered":"Domingo XXVII do Tempo Comum"},"content":{"rendered":"<p><strong>Ensaio para a Liturgia Dominical<\/strong> \u2013 Sexta-feira (30\/09) das 21h00 \u2013 21h45<\/p>\n<p><strong>Ensaio para o Casamento<\/strong> \u2013 Sexta-feira (30\/09) das 21h45 \u2013 23h00<\/p>\n<p><strong>Casamento de Ana e Pedro<\/strong> &#8211; S\u00e1bado (01\/10)\u00a0&#8211; 10h45<\/p>\n<p><strong>C\u00e2nticos para\u00a0o Domingo\u00a0XXVII do Tempo Comum\u2013 Ano C\u00a0(<\/strong><a href=\"http:\/\/www.liturgia.pt\/liturgiadiaria\/dia.php?data=2016-10-2\"><strong>liturgia<\/strong><strong>)<\/strong><\/a><\/p>\n<ul>\n<li>Entrada: <a href=\"http:\/\/coro.paroquiabaixadabanheira.org\/reportorio\/entrada\/errante.vou.pdf\">Errante vou<\/a><\/li>\n<li>M. Penitencial: <a href=\"http:\/\/coro.paroquiabaixadabanheira.org\/reportorio\/penitencial\/misericordia.pdf\">Miseric\u00f3rdia<\/a>\u00a0ou <a href=\"http:\/\/coro.paroquiabaixadabanheira.org\/reportorio\/penitencial\/kyrie.eleison.mario.soroldoni.pdf\">Kyrie Eleison (M\u00e1rio Soroldoni)<\/a><\/li>\n<li>Salmo:\u00a094(95) <a href=\"http:\/\/www.liturgia.pt\/multimedia\/mp3\/SalmosResponsoriais\/159_TC_C_27Dom-HojeSeEscutardes.mp3\"><em>\u201dHoje se escutardes a voz do Senhor, n\u00e3o fecheis os vossos cora\u00e7\u00f5es.<\/em><em>\u201d<\/em><\/a><\/li>\n<li>Aclama\u00e7\u00e3o ao Evangelho:\u00a0\u00a0<a href=\"http:\/\/coro.paroquiabaixadabanheira.org\/reportorio\/aclama\/aleluia.james.chepponis.pdf\">Aleluia (James Chepponis)<\/a> <strong>\u201cA palavra do Senhor\u00a0<\/strong><strong>permanece eternamente. Esta \u00e9 a palavra que vos foi anunciada\u201d<\/strong><\/li>\n<li>Apresenta\u00e7\u00e3o dos Dons: <a href=\"http:\/\/coro.paroquiabaixadabanheira.org\/reportorio\/diversos\/e.tempo.de.ser.esperanca.pdf\">\u00c9 tempo de ser Esperan\u00e7a<\/a><\/li>\n<li>Santo: <a href=\"http:\/\/coro.paroquiabaixadabanheira.org\/reportorio\/santo\/santo.cartageno.pdf\">Santo cartageno<\/a><\/li>\n<li>Cordeiro: <a href=\"http:\/\/coro.paroquiabaixadabanheira.org\/reportorio\/cordeiro\/cordeiro.cartageno.pdf\">Cordeiro (A. Cartageno)<\/a><\/li>\n<li>Comunh\u00e3o: <a href=\"http:\/\/coro.paroquiabaixadabanheira.org\/reportorio\/comunhao\/formamos.um.so.corpo.pdf\">Formamos um s\u00f3 Corpo<\/a><\/li>\n<li>Ac\u00e7\u00e3o de Gra\u00e7as: a mesma do casamento<\/li>\n<li>Final: <a href=\"http:\/\/coro.paroquiabaixadabanheira.org\/reportorio\/diversos\/misericordes.sicut.pater.pdf\">Misericordes Sicut Pater <\/a><\/li>\n<\/ul>\n<p>Trazer:<\/p>\n<ul>\n<li>Todas as musicas\u00a0para o\u00a0casamento<\/li>\n<\/ul>\n","protected":false},"excerpt":{"rendered":"<p>Ensaio para a Liturgia Dominical \u2013 Sexta-feira (30\/09) das 21h00 \u2013 21h45 Ensaio para o Casamento \u2013 Sexta-feira (30\/09) das 21h45 \u2013 23h00 Casamento de Ana e Pedro &#8211; S\u00e1bado (01\/10)\u00a0&#8211; 10h45 C\u00e2nticos para\u00a0o Domingo\u00a0XXVII do Tempo Comum\u2013 Ano C\u00a0(liturgia) &hellip;<\/p>\n<p class=\"read-more\"> <a class=\"more-link\" href=\"https:\/\/coro.paroquiabaixadabanheira.org\/?p=2148\"> <span class=\"screen-reader-text\">Domingo XXVII do Tempo Comum<\/span> Read More &raquo;<\/a><\/p>\n","protected":false},"author":3,"featured_media":0,"comment_status":"open","ping_status":"open","sticky":false,"template":"","format":"standard","meta":{"footnotes":""},"categories":[3],"tags":[],"class_list":["post-2148","post","type-post","status-publish","format-standard","hentry","category-ensaios"],"_links":{"self":[{"href":"https:\/\/coro.paroquiabaixadabanheira.org\/index.php?rest_route=\/wp\/v2\/posts\/2148","targetHints":{"allow":["GET"]}}],"collection":[{"href":"https:\/\/coro.paroquiabaixadabanheira.org\/index.php?rest_route=\/wp\/v2\/posts"}],"about":[{"href":"https:\/\/coro.paroquiabaixadabanheira.org\/index.php?rest_route=\/wp\/v2\/types\/post"}],"author":[{"embeddable":true,"href":"https:\/\/coro.paroquiabaixadabanheira.org\/index.php?rest_route=\/wp\/v2\/users\/3"}],"replies":[{"embeddable":true,"href":"https:\/\/coro.paroquiabaixadabanheira.org\/index.php?rest_route=%2Fwp%2Fv2%2Fcomments&post=2148"}],"version-history":[{"count":3,"href":"https:\/\/coro.paroquiabaixadabanheira.org\/index.php?rest_route=\/wp\/v2\/posts\/2148\/revisions"}],"predecessor-version":[{"id":2151,"href":"https:\/\/coro.paroquiabaixadabanheira.org\/index.php?rest_route=\/wp\/v2\/posts\/2148\/revisions\/2151"}],"wp:attachment":[{"href":"https:\/\/coro.paroquiabaixadabanheira.org\/index.php?rest_route=%2Fwp%2Fv2%2Fmedia&parent=2148"}],"wp:term":[{"taxonomy":"category","embeddable":true,"href":"https:\/\/coro.paroquiabaixadabanheira.org\/index.php?rest_route=%2Fwp%2Fv2%2Fcategories&post=2148"},{"taxonomy":"post_tag","embeddable":true,"href":"https:\/\/coro.paroquiabaixadabanheira.org\/index.php?rest_route=%2Fwp%2Fv2%2Ftags&post=2148"}],"curies":[{"name":"wp","href":"https:\/\/api.w.org\/{rel}","templated":true}]}}