{"id":2170,"date":"2016-10-13T12:56:17","date_gmt":"2016-10-13T12:56:17","guid":{"rendered":"http:\/\/coro.paroquiabaixadabanheira.org\/?p=2170"},"modified":"2016-10-16T12:47:51","modified_gmt":"2016-10-16T12:47:51","slug":"domingo-xxix-do-tempo-comum-7","status":"publish","type":"post","link":"https:\/\/coro.paroquiabaixadabanheira.org\/?p=2170","title":{"rendered":"Domingo XXIX do Tempo Comum"},"content":{"rendered":"<p><strong>C\u00e2nticos para\u00a0o Domingo\u00a0XXIX do Tempo Comum\u2013 Ano C\u00a0(<\/strong><a href=\"http:\/\/www.liturgia.pt\/liturgiadiaria\/dia.php?data=2016-10-16\"><strong>liturgia<\/strong><strong>)<\/strong><\/a><\/p>\n<ul>\n<li>Entrada: <a href=\"http:\/\/coro.paroquiabaixadabanheira.org\/reportorio\/entrada\/eu.vos.invoco.senhor.pdf\">Eu Vos Invoco Senhor<\/a><\/li>\n<li>M. Penitencial:\u00a0<a href=\"http:\/\/coro.paroquiabaixadabanheira.org\/reportorio\/penitencial\/kyrie.eleison.marco.frisina.pdf\">Kyrie Eleison (Marco Frisina)<\/a><\/li>\n<li>Salmo:\u00a0120(121) <a href=\"http:\/\/www.liturgia.pt\/multimedia\/mp3\/SalmosResponsoriais\/161_TC_C_29Dom-ONossoAuxilio.mp3\"><em>\u201dO nosso auxilio vem do Senhor, que fez o c\u00e9u e a terra<\/em><em>\u201d<\/em><\/a><\/li>\n<li>Aclama\u00e7\u00e3o ao Evangelho:\u00a0\u00a0<a href=\"http:\/\/coro.paroquiabaixadabanheira.org\/reportorio\/aclama\/aleluia.james.chepponis.pdf\">Aleluia (James Chepponis)<\/a> <strong>\u201cA palavra de Deus \u00e9 viva e eficaz, pode discernir os pensamentos\u00a0e inten\u00e7\u00f5es do cora\u00e7\u00e3o.<\/strong><strong>\u201d<\/strong><\/li>\n<li>Apresenta\u00e7\u00e3o dos Dons: <a href=\"http:\/\/coro.paroquiabaixadabanheira.org\/reportorio\/comunhao\/tudo.o.que.pedirdes.na.oracao.pdf\">Tudo o que pedirdes na ora\u00e7\u00e3o<\/a><\/li>\n<li>Santo: <a href=\"http:\/\/coro.paroquiabaixadabanheira.org\/reportorio\/santo\/santo.leonel.claro.pdf\">Santo (L. Claro)<\/a><\/li>\n<li>Cordeiro: <a href=\"http:\/\/coro.paroquiabaixadabanheira.org\/reportorio\/cordeiro\/cordeiro.olindo.marques.pdf\">Cordeiro\u00a0(Olindo Marques)<\/a><\/li>\n<li>Comunh\u00e3o: <a href=\"http:\/\/coro.paroquiabaixadabanheira.org\/reportorio\/comunhao\/cre.em.jesus.pdf\">Cr\u00ea em Jesus e ser\u00e1s salvo<\/a><\/li>\n<li>Ac\u00e7\u00e3o de Gra\u00e7as: <a href=\"http:\/\/coro.paroquiabaixadabanheira.org\/reportorio\/maria\/sobre.os.bracos.da.azinheira.pdf\">Sobre os Bra\u00e7os da Azinheira<\/a>\u00a0ou <a href=\"http:\/\/coro.paroquiabaixadabanheira.org\/reportorio\/maria\/senhora.um.dia.descestes2.pdf\">Senhora um dia descestes<\/a>\u00a0(nova partitura)<\/li>\n<li>Final: <a href=\"http:\/\/coro.paroquiabaixadabanheira.org\/reportorio\/final\/quero.bendizer.vos.cartageno.pdf\">Quero Bendizer-vos <\/a>ou <a href=\"http:\/\/coro.paroquiabaixadabanheira.org\/reportorio\/taize\/o.senhor.e.a.minha.forca.pdf\">O Senhor \u00e9 a minha for\u00e7a<\/a><\/li>\n<\/ul>\n","protected":false},"excerpt":{"rendered":"<p>C\u00e2nticos para\u00a0o Domingo\u00a0XXIX do Tempo Comum\u2013 Ano C\u00a0(liturgia) Entrada: Eu Vos Invoco Senhor M. Penitencial:\u00a0Kyrie Eleison (Marco Frisina) Salmo:\u00a0120(121) \u201dO nosso auxilio vem do Senhor, que fez o c\u00e9u e a terra\u201d Aclama\u00e7\u00e3o ao Evangelho:\u00a0\u00a0Aleluia (James Chepponis) \u201cA palavra de &hellip;<\/p>\n<p class=\"read-more\"> <a class=\"more-link\" href=\"https:\/\/coro.paroquiabaixadabanheira.org\/?p=2170\"> <span class=\"screen-reader-text\">Domingo XXIX do Tempo Comum<\/span> Read More &raquo;<\/a><\/p>\n","protected":false},"author":1,"featured_media":0,"comment_status":"open","ping_status":"open","sticky":false,"template":"","format":"standard","meta":{"footnotes":""},"categories":[3],"tags":[],"class_list":["post-2170","post","type-post","status-publish","format-standard","hentry","category-ensaios"],"_links":{"self":[{"href":"https:\/\/coro.paroquiabaixadabanheira.org\/index.php?rest_route=\/wp\/v2\/posts\/2170","targetHints":{"allow":["GET"]}}],"collection":[{"href":"https:\/\/coro.paroquiabaixadabanheira.org\/index.php?rest_route=\/wp\/v2\/posts"}],"about":[{"href":"https:\/\/coro.paroquiabaixadabanheira.org\/index.php?rest_route=\/wp\/v2\/types\/post"}],"author":[{"embeddable":true,"href":"https:\/\/coro.paroquiabaixadabanheira.org\/index.php?rest_route=\/wp\/v2\/users\/1"}],"replies":[{"embeddable":true,"href":"https:\/\/coro.paroquiabaixadabanheira.org\/index.php?rest_route=%2Fwp%2Fv2%2Fcomments&post=2170"}],"version-history":[{"count":14,"href":"https:\/\/coro.paroquiabaixadabanheira.org\/index.php?rest_route=\/wp\/v2\/posts\/2170\/revisions"}],"predecessor-version":[{"id":2187,"href":"https:\/\/coro.paroquiabaixadabanheira.org\/index.php?rest_route=\/wp\/v2\/posts\/2170\/revisions\/2187"}],"wp:attachment":[{"href":"https:\/\/coro.paroquiabaixadabanheira.org\/index.php?rest_route=%2Fwp%2Fv2%2Fmedia&parent=2170"}],"wp:term":[{"taxonomy":"category","embeddable":true,"href":"https:\/\/coro.paroquiabaixadabanheira.org\/index.php?rest_route=%2Fwp%2Fv2%2Fcategories&post=2170"},{"taxonomy":"post_tag","embeddable":true,"href":"https:\/\/coro.paroquiabaixadabanheira.org\/index.php?rest_route=%2Fwp%2Fv2%2Ftags&post=2170"}],"curies":[{"name":"wp","href":"https:\/\/api.w.org\/{rel}","templated":true}]}}