{"id":2219,"date":"2016-11-24T00:23:53","date_gmt":"2016-11-24T00:23:53","guid":{"rendered":"http:\/\/coro.paroquiabaixadabanheira.org\/?p=2219"},"modified":"2016-11-24T00:23:53","modified_gmt":"2016-11-24T00:23:53","slug":"domingo-i-do-advento-ano-a","status":"publish","type":"post","link":"https:\/\/coro.paroquiabaixadabanheira.org\/?p=2219","title":{"rendered":"Domingo I do Advento (Ano A)"},"content":{"rendered":"<p><strong>C\u00e2nticos para o Domingo\u00a0I do Advento \u2013 Ano\u00a0A <\/strong>(<a href=\"http:\/\/www.liturgia.pt\/liturgiadiaria\/dia.php?data=2016-11-27\">Liturgia<\/a>)<\/p>\n<p>Com a entrada do Advento (Prepara\u00e7\u00e3o para a chegada do Filho de Deus feito homem) come\u00e7a\u00a0o Ano lit\u00fargico\u00a0A (2016\/2017), em que predomina o Evangelho de S. Mateus.<\/p>\n<ul>\n<li>Entrada: <a href=\"http:\/\/coro.paroquiabaixadabanheira.org\/reportorio\/entrada\/senhor.jesus.nos.vamos.a.ti.pdf\">Senhor Jesus, N\u00f3s Vamos a Ti<\/a>\u00a0(Refr\u00e3o do Advento)<\/li>\n<li>M. Penitencial: <a href=\"http:\/\/coro.paroquiabaixadabanheira.org\/reportorio\/penitencial\/senhor.tem.piedade.de.nos.pdf\">Senhor Tem Piedade de N\u00f3s<\/a><\/li>\n<li>Salmo:\u00a0121(122) <a href=\"http:\/\/www.liturgia.pt\/multimedia\/mp3\/SalmosResponsoriais\/001_Adv01AIDom-QueAlegria.mp3\"><em>\u201dQue alegria quando me disseram: vamos para a casa do\u00a0Senhor<\/em><em>\u201d<\/em><\/a><\/li>\n<li>Aclama\u00e7\u00e3o ao Evangelho:\u00a0\u00a0<a href=\"http:\/\/coro.paroquiabaixadabanheira.org\/reportorio\/advento\/canto.a.cristo.pdf\">Canto a Cristo<\/a><\/li>\n<li>Apresenta\u00e7\u00e3o dos Dons: <a href=\"http:\/\/coro.paroquiabaixadabanheira.org\/reportorio\/advento\/pao.e.vinho.apresentamos.pdf\">P\u00e3o e Vinho Apresentamos<\/a><\/li>\n<li>Santo: <a href=\"http:\/\/coro.paroquiabaixadabanheira.org\/reportorio\/santo\/santo.ferreira.santos.pdf\">Santo Ferreira dos Santos<\/a><\/li>\n<li>Cordeiro: <a href=\"http:\/\/coro.paroquiabaixadabanheira.org\/reportorio\/cordeiro\/cordeiro.aragues.pdf\">Cordeiro (Aragues)<\/a><\/li>\n<li>Comunh\u00e3o: <a href=\"http:\/\/coro.paroquiabaixadabanheira.org\/reportorio\/advento\/estai.preparados.pdf\">Estai Preparados<\/a><\/li>\n<li>Final: <a href=\"http:\/\/coro.paroquiabaixadabanheira.org\/reportorio\/advento\/vem.senhor.jesus.pdf\">Vem Senhor Jesus<\/a>\u00a0ou <a href=\"http:\/\/coro.paroquiabaixadabanheira.org\/reportorio\/advento\/no.fim.dos.tempos.pdf\">No fim dos tempos<\/a><\/li>\n<\/ul>\n<p>Trazer:<\/p>\n<ul>\n<li><a href=\"http:\/\/coro.paroquiabaixadabanheira.org\/reportorio\/advento\/e.celebrada.a.vossa.gloria.pdf\">\u00c9 celebrada a vossa gl\u00f3ria<\/a><\/li>\n<li><a href=\"http:\/\/coro.paroquiabaixadabanheira.org\/reportorio\/gloria\/gloria.a.deus.a.cartageno.pdf\">Gloria Cartageno<\/a><\/li>\n<\/ul>\n","protected":false},"excerpt":{"rendered":"<p>C\u00e2nticos para o Domingo\u00a0I do Advento \u2013 Ano\u00a0A (Liturgia) Com a entrada do Advento (Prepara\u00e7\u00e3o para a chegada do Filho de Deus feito homem) come\u00e7a\u00a0o Ano lit\u00fargico\u00a0A (2016\/2017), em que predomina o Evangelho de S. Mateus. Entrada: Senhor Jesus, N\u00f3s &hellip;<\/p>\n<p class=\"read-more\"> <a class=\"more-link\" href=\"https:\/\/coro.paroquiabaixadabanheira.org\/?p=2219\"> <span class=\"screen-reader-text\">Domingo I do Advento (Ano A)<\/span> Read More &raquo;<\/a><\/p>\n","protected":false},"author":3,"featured_media":0,"comment_status":"open","ping_status":"open","sticky":false,"template":"","format":"standard","meta":{"footnotes":""},"categories":[3],"tags":[],"class_list":["post-2219","post","type-post","status-publish","format-standard","hentry","category-ensaios"],"_links":{"self":[{"href":"https:\/\/coro.paroquiabaixadabanheira.org\/index.php?rest_route=\/wp\/v2\/posts\/2219","targetHints":{"allow":["GET"]}}],"collection":[{"href":"https:\/\/coro.paroquiabaixadabanheira.org\/index.php?rest_route=\/wp\/v2\/posts"}],"about":[{"href":"https:\/\/coro.paroquiabaixadabanheira.org\/index.php?rest_route=\/wp\/v2\/types\/post"}],"author":[{"embeddable":true,"href":"https:\/\/coro.paroquiabaixadabanheira.org\/index.php?rest_route=\/wp\/v2\/users\/3"}],"replies":[{"embeddable":true,"href":"https:\/\/coro.paroquiabaixadabanheira.org\/index.php?rest_route=%2Fwp%2Fv2%2Fcomments&post=2219"}],"version-history":[{"count":1,"href":"https:\/\/coro.paroquiabaixadabanheira.org\/index.php?rest_route=\/wp\/v2\/posts\/2219\/revisions"}],"predecessor-version":[{"id":2220,"href":"https:\/\/coro.paroquiabaixadabanheira.org\/index.php?rest_route=\/wp\/v2\/posts\/2219\/revisions\/2220"}],"wp:attachment":[{"href":"https:\/\/coro.paroquiabaixadabanheira.org\/index.php?rest_route=%2Fwp%2Fv2%2Fmedia&parent=2219"}],"wp:term":[{"taxonomy":"category","embeddable":true,"href":"https:\/\/coro.paroquiabaixadabanheira.org\/index.php?rest_route=%2Fwp%2Fv2%2Fcategories&post=2219"},{"taxonomy":"post_tag","embeddable":true,"href":"https:\/\/coro.paroquiabaixadabanheira.org\/index.php?rest_route=%2Fwp%2Fv2%2Ftags&post=2219"}],"curies":[{"name":"wp","href":"https:\/\/api.w.org\/{rel}","templated":true}]}}