{"id":2226,"date":"2016-12-04T19:55:25","date_gmt":"2016-12-04T19:55:25","guid":{"rendered":"http:\/\/coro.paroquiabaixadabanheira.org\/?p=2226"},"modified":"2016-12-04T19:55:25","modified_gmt":"2016-12-04T19:55:25","slug":"casamento-dia-8-de-dezembro","status":"publish","type":"post","link":"https:\/\/coro.paroquiabaixadabanheira.org\/?p=2226","title":{"rendered":"Casamento dia 8 de Dezembro"},"content":{"rendered":"<p>Dia 8 de Dezembro a seguir\u00a0\u00e0 eucaristia das 11h30, ser\u00e1 celebrado o casamento da Mariana. Quem poder estar para cantar na cerim\u00f3nia\u00a0a noiva agradece. Musicas a trazer na 4\u00bafeira, dia 7 de Dezembro, para al\u00e9m da Imaculada Concei\u00e7\u00e3o.<\/p>\n<ul>\n<li><a href=\"http:\/\/coro.paroquiabaixadabanheira.org\/reportorio\/gracas\/deus.de.amor.pdf\">Deus de Amor<\/a><\/li>\n<li><a href=\"http:\/\/coro.paroquiabaixadabanheira.org\/reportorio\/ofertorio\/a.ti.meu.deus.pdf\">A Ti Meu Deus<\/a><\/li>\n<li><a href=\"http:\/\/coro.paroquiabaixadabanheira.org\/reportorio\/diversos\/se.eu.nao.tiver.amor.pdf\">Se Eu N\u00e3o Tiver Amor<\/a>.<\/li>\n<li><a href=\"http:\/\/coro.paroquiabaixadabanheira.org\/reportorio\/diversos\/viver.e.construir.pdf\">Viver e Construir<\/a><\/li>\n<\/ul>\n","protected":false},"excerpt":{"rendered":"<p>Dia 8 de Dezembro a seguir\u00a0\u00e0 eucaristia das 11h30, ser\u00e1 celebrado o casamento da Mariana. Quem poder estar para cantar na cerim\u00f3nia\u00a0a noiva agradece. Musicas a trazer na 4\u00bafeira, dia 7 de Dezembro, para al\u00e9m da Imaculada Concei\u00e7\u00e3o. Deus de &hellip;<\/p>\n<p class=\"read-more\"> <a class=\"more-link\" href=\"https:\/\/coro.paroquiabaixadabanheira.org\/?p=2226\"> <span class=\"screen-reader-text\">Casamento dia 8 de Dezembro<\/span> Read More &raquo;<\/a><\/p>\n","protected":false},"author":3,"featured_media":0,"comment_status":"open","ping_status":"open","sticky":false,"template":"","format":"standard","meta":{"footnotes":""},"categories":[3],"tags":[],"class_list":["post-2226","post","type-post","status-publish","format-standard","hentry","category-ensaios"],"_links":{"self":[{"href":"https:\/\/coro.paroquiabaixadabanheira.org\/index.php?rest_route=\/wp\/v2\/posts\/2226","targetHints":{"allow":["GET"]}}],"collection":[{"href":"https:\/\/coro.paroquiabaixadabanheira.org\/index.php?rest_route=\/wp\/v2\/posts"}],"about":[{"href":"https:\/\/coro.paroquiabaixadabanheira.org\/index.php?rest_route=\/wp\/v2\/types\/post"}],"author":[{"embeddable":true,"href":"https:\/\/coro.paroquiabaixadabanheira.org\/index.php?rest_route=\/wp\/v2\/users\/3"}],"replies":[{"embeddable":true,"href":"https:\/\/coro.paroquiabaixadabanheira.org\/index.php?rest_route=%2Fwp%2Fv2%2Fcomments&post=2226"}],"version-history":[{"count":1,"href":"https:\/\/coro.paroquiabaixadabanheira.org\/index.php?rest_route=\/wp\/v2\/posts\/2226\/revisions"}],"predecessor-version":[{"id":2227,"href":"https:\/\/coro.paroquiabaixadabanheira.org\/index.php?rest_route=\/wp\/v2\/posts\/2226\/revisions\/2227"}],"wp:attachment":[{"href":"https:\/\/coro.paroquiabaixadabanheira.org\/index.php?rest_route=%2Fwp%2Fv2%2Fmedia&parent=2226"}],"wp:term":[{"taxonomy":"category","embeddable":true,"href":"https:\/\/coro.paroquiabaixadabanheira.org\/index.php?rest_route=%2Fwp%2Fv2%2Fcategories&post=2226"},{"taxonomy":"post_tag","embeddable":true,"href":"https:\/\/coro.paroquiabaixadabanheira.org\/index.php?rest_route=%2Fwp%2Fv2%2Ftags&post=2226"}],"curies":[{"name":"wp","href":"https:\/\/api.w.org\/{rel}","templated":true}]}}