{"id":2247,"date":"2016-12-27T02:01:09","date_gmt":"2016-12-27T02:01:09","guid":{"rendered":"http:\/\/coro.paroquiabaixadabanheira.org\/?p=2247"},"modified":"2016-12-27T02:01:09","modified_gmt":"2016-12-27T02:01:09","slug":"festa-da-sagrada-familia-de-jesus-maria-e-jose","status":"publish","type":"post","link":"https:\/\/coro.paroquiabaixadabanheira.org\/?p=2247","title":{"rendered":"Festa da Sagrada Fam\u00edlia de Jesus, Maria e Jos\u00e9"},"content":{"rendered":"<p><strong>C\u00e2nticos para\u00a0a Sagrada Fam\u00edlia de Jesus, Maria e Jos\u00e9 \u2013 Ano\u00a0A\u00a0(<\/strong><a href=\"http:\/\/www.liturgia.pt\/liturgiadiaria\/dia.php?data=2016-12-30\"><strong>liturgia<\/strong><\/a><strong>)<\/strong><\/p>\n<ul>\n<li>Entrada:\u00a0<a href=\"http:\/\/coro.paroquiabaixadabanheira.org\/reportorio\/natal\/sou.um.pobre.pastorinho.pdf\">Sou um Pobre Pastorinho<\/a><\/li>\n<li>M. Penitencial:\u00a0<a href=\"http:\/\/coro.paroquiabaixadabanheira.org\/reportorio\/penitencial\/kyrie.10.pdf\">kyrie 10<\/a><\/li>\n<li>Gloria: <a href=\"http:\/\/coro.paroquiabaixadabanheira.org\/reportorio\/gloria\/gloria.a.deus.a.cartageno.pdf\">Gloria Cartageno<\/a>\u00a0ou <a href=\"http:\/\/coro.paroquiabaixadabanheira.org\/reportorio\/gloria\/gloria.2.vozes.pdf\">Gloria 2 Vozes<\/a><\/li>\n<li>Salmo: \u00a0127(128) \u201cDitosos os que temem o Senhor, ditosos os que seguem os seus caminhos\u201d<\/li>\n<li>Aleluia: <a href=\"http:\/\/coro.paroquiabaixadabanheira.org\/reportorio\/natal\/aleluia.do.natal.pdf\">Aleluia do Natal<\/a><\/li>\n<li>Ofert\u00f3rio:\u00a0<a href=\"http:\/\/coro.paroquiabaixadabanheira.org\/reportorio\/natal\/correi.pressurosos.pdf\">Correi Pressurosos a Bel\u00e9m<\/a>\u00a0ou <a href=\"http:\/\/coro.paroquiabaixadabanheira.org\/reportorio\/casamento\/deus.da.familia.pdf\">Deus da Fam\u00edlia<\/a><\/li>\n<li>Santo: <a href=\"http:\/\/coro.paroquiabaixadabanheira.org\/reportorio\/santo\/santo.carlos.silva.pdf\">Santo Carlos Silva<\/a><\/li>\n<li>Cordeiro: <a href=\"http:\/\/coro.paroquiabaixadabanheira.org\/reportorio\/cordeiro\/cordeiro.olindo.marques.pdf\">Cordeiro\u00a0(Olindo Marques)<\/a><\/li>\n<li>Comunh\u00e3o: <a href=\"http:\/\/coro.paroquiabaixadabanheira.org\/reportorio\/comunhao\/verbo.de.deus.pdf\">O Verbo de Deus<\/a><\/li>\n<li>Ac\u00e7\u00e3o de Gra\u00e7as: <a href=\"http:\/\/coro.paroquiabaixadabanheira.org\/reportorio\/casamento\/deus.da.familia.pdf\">Deus da Fam\u00edlia<\/a>\u00a0ou <a href=\"http:\/\/coro.paroquiabaixadabanheira.org\/reportorio\/diversos\/se.eu.nao.tiver.amor.pdf\">Se Eu N\u00e3o Tiver Amor<\/a><\/li>\n<li>Venera\u00e7\u00e3o\u00a0\u00e0 Imagem do Menino: <a href=\"http:\/\/coro.paroquiabaixadabanheira.org\/reportorio\/natal\/alegremse.os.ceus.pdf\">Alegrem-se os C\u00e9us e a Terra<\/a><\/li>\n<li>Venera\u00e7\u00e3o\u00a0\u00e0 Imagem do Menino: <a href=\"http:\/\/coro.paroquiabaixadabanheira.org\/reportorio\/natal\/oh.que.noite.tao.serena.pdf\">Oh, Que Noite t\u00e3o Serena<\/a><\/li>\n<li>Venera\u00e7\u00e3o\u00a0\u00e0 Imagem do Menino: <a href=\"http:\/\/coro.paroquiabaixadabanheira.org\/reportorio\/natal\/gloria.in.excelsis.deo.pdf\">Gloria, In Excelsis Deo<\/a><\/li>\n<\/ul>\n<p>&nbsp;<\/p>\n","protected":false},"excerpt":{"rendered":"<p>C\u00e2nticos para\u00a0a Sagrada Fam\u00edlia de Jesus, Maria e Jos\u00e9 \u2013 Ano\u00a0A\u00a0(liturgia) Entrada:\u00a0Sou um Pobre Pastorinho M. Penitencial:\u00a0kyrie 10 Gloria: Gloria Cartageno\u00a0ou Gloria 2 Vozes Salmo: \u00a0127(128) \u201cDitosos os que temem o Senhor, ditosos os que seguem os seus caminhos\u201d Aleluia: &hellip;<\/p>\n<p class=\"read-more\"> <a class=\"more-link\" href=\"https:\/\/coro.paroquiabaixadabanheira.org\/?p=2247\"> <span class=\"screen-reader-text\">Festa da Sagrada Fam\u00edlia de Jesus, Maria e Jos\u00e9<\/span> Read More &raquo;<\/a><\/p>\n","protected":false},"author":3,"featured_media":0,"comment_status":"open","ping_status":"open","sticky":false,"template":"","format":"standard","meta":{"footnotes":""},"categories":[3],"tags":[],"class_list":["post-2247","post","type-post","status-publish","format-standard","hentry","category-ensaios"],"_links":{"self":[{"href":"https:\/\/coro.paroquiabaixadabanheira.org\/index.php?rest_route=\/wp\/v2\/posts\/2247","targetHints":{"allow":["GET"]}}],"collection":[{"href":"https:\/\/coro.paroquiabaixadabanheira.org\/index.php?rest_route=\/wp\/v2\/posts"}],"about":[{"href":"https:\/\/coro.paroquiabaixadabanheira.org\/index.php?rest_route=\/wp\/v2\/types\/post"}],"author":[{"embeddable":true,"href":"https:\/\/coro.paroquiabaixadabanheira.org\/index.php?rest_route=\/wp\/v2\/users\/3"}],"replies":[{"embeddable":true,"href":"https:\/\/coro.paroquiabaixadabanheira.org\/index.php?rest_route=%2Fwp%2Fv2%2Fcomments&post=2247"}],"version-history":[{"count":1,"href":"https:\/\/coro.paroquiabaixadabanheira.org\/index.php?rest_route=\/wp\/v2\/posts\/2247\/revisions"}],"predecessor-version":[{"id":2248,"href":"https:\/\/coro.paroquiabaixadabanheira.org\/index.php?rest_route=\/wp\/v2\/posts\/2247\/revisions\/2248"}],"wp:attachment":[{"href":"https:\/\/coro.paroquiabaixadabanheira.org\/index.php?rest_route=%2Fwp%2Fv2%2Fmedia&parent=2247"}],"wp:term":[{"taxonomy":"category","embeddable":true,"href":"https:\/\/coro.paroquiabaixadabanheira.org\/index.php?rest_route=%2Fwp%2Fv2%2Fcategories&post=2247"},{"taxonomy":"post_tag","embeddable":true,"href":"https:\/\/coro.paroquiabaixadabanheira.org\/index.php?rest_route=%2Fwp%2Fv2%2Ftags&post=2247"}],"curies":[{"name":"wp","href":"https:\/\/api.w.org\/{rel}","templated":true}]}}