{"id":2249,"date":"2016-12-27T02:02:19","date_gmt":"2016-12-27T02:02:19","guid":{"rendered":"http:\/\/coro.paroquiabaixadabanheira.org\/?p=2249"},"modified":"2016-12-27T02:02:19","modified_gmt":"2016-12-27T02:02:19","slug":"solenidade-de-santa-maria-mae-de-deus-dia-mundial-da-paz","status":"publish","type":"post","link":"https:\/\/coro.paroquiabaixadabanheira.org\/?p=2249","title":{"rendered":"Solenidade de Santa Maria M\u00e3e de Deus (Dia Mundial da Paz)"},"content":{"rendered":"<p><strong>C\u00e2nticos para\u00a0a Solenidade de Santa Maria M\u00e3e de Deus \u2013 Ano\u00a0A\u00a0(<a href=\"http:\/\/www.liturgia.pt\/santos\/santo_v.php?cod_santo=7\">liturgia<\/a>)<\/strong><\/p>\n<p>O ensaio para a eucaristia\u00a0da Sagrada Fam\u00edlia, que este ano\u00a0celebra-se no dia\u00a030 de Dezembro (6\u00bafeira) \u00e1s 21h e para a Solenidade de Santa Maria M\u00e3e de Deus (1 de Janeiro) ficou agendado para o dia 29\/12\/2015 (5\u00bafeira) \u00e1s 21h00.<\/p>\n<ul>\n<li>Entrada: <a href=\"http:\/\/coro.paroquiabaixadabanheira.org\/reportorio\/natal\/um.menino.nos.foi.dado.pdf\">Um menino nos foi dado<\/a>\u00a0ou <a href=\"http:\/\/coro.paroquiabaixadabanheira.org\/reportorio\/maria\/mae.do.povo.pdf\">M\u00e3e do Povo<\/a><\/li>\n<li>Acto Penitencial: <a href=\"http:\/\/coro.paroquiabaixadabanheira.org\/reportorio\/penitencial\/kyrie.10.pdf\">kyrie 10<\/a>\u00a0\/ <a href=\"http:\/\/coro.paroquiabaixadabanheira.org\/reportorio\/penitencial\/senhor.tende.piedade.2.pdf\">Senhor, Tende Piedade (Aragu\u00e9s)<\/a><\/li>\n<li>Salmo :\u00a0<em>66 (67)<\/em> <em>\u201cDeus \u00a0Se compade\u00e7a de n\u00f3s e nos d\u00ea a sua b\u00ean\u00e7\u00e3o\u201d<\/em><\/li>\n<li>Aclama\u00e7\u00e3o ao Evangelho: <a href=\"http:\/\/coro.paroquiabaixadabanheira.org\/reportorio\/natal\/aleluia.do.natal.pdf\">Aleluia do Natal<\/a><\/li>\n<li>Apresenta\u00e7\u00e3o dos Dons: <a href=\"http:\/\/coro.paroquiabaixadabanheira.org\/reportorio\/natal\/sou.um.pobre.pastorinho.pdf\">Sou um Pobre Pastorinho<\/a>\u00a0ou <a href=\"http:\/\/coro.paroquiabaixadabanheira.org\/reportorio\/maria\/bendita.seja.virgem.maria.pdf\">Bendita Seja Virgem Maria<\/a><\/li>\n<li>Santo: <a href=\"http:\/\/coro.paroquiabaixadabanheira.org\/reportorio\/santo\/santo.carlos.silva.pdf\">Santo Carlos Silva<\/a><\/li>\n<li>Cordeiro: <a href=\"http:\/\/coro.paroquiabaixadabanheira.org\/reportorio\/cordeiro\/cordeiro.olindo.marques.pdf\">Cordeiro\u00a0(Olindo Marques)<\/a><\/li>\n<li>Comunh\u00e3o: <a href=\"http:\/\/coro.paroquiabaixadabanheira.org\/reportorio\/maria\/bendita.seja.virgem.maria.pdf\">Bendita Seja Virgem Maria<\/a>\u00a0ou <a href=\"http:\/\/coro.paroquiabaixadabanheira.org\/reportorio\/advento\/e.celebrada.a.vossa.gloria.pdf\">\u00c9 celebrada a vossa gl\u00f3ria<\/a><\/li>\n<li>Ac\u00e7\u00e3o de Gra\u00e7as: <a href=\"http:\/\/coro.paroquiabaixadabanheira.org\/reportorio\/maria\/mae.do.povo.pdf\">M\u00e3e do Povo<\/a>\u00a0ou <a href=\"http:\/\/coro.paroquiabaixadabanheira.org\/reportorio\/maria\/nossa.senhora.da.paz.pdf\">Nossa Senhora da Paz<\/a><\/li>\n<li>Venera\u00e7\u00e3o\u00a0\u00e0 Imagem do Menino: <a href=\"http:\/\/coro.paroquiabaixadabanheira.org\/reportorio\/natal\/alegremse.os.ceus.pdf\">Alegrem-se os C\u00e9us e a Terra<\/a><\/li>\n<li>Venera\u00e7\u00e3o\u00a0\u00e0 Imagem do Menino: <a href=\"http:\/\/coro.paroquiabaixadabanheira.org\/reportorio\/natal\/correi.pressurosos.pdf\">Correi Pressurosos a Bel\u00e9m<\/a><\/li>\n<\/ul>\n","protected":false},"excerpt":{"rendered":"<p>C\u00e2nticos para\u00a0a Solenidade de Santa Maria M\u00e3e de Deus \u2013 Ano\u00a0A\u00a0(liturgia) O ensaio para a eucaristia\u00a0da Sagrada Fam\u00edlia, que este ano\u00a0celebra-se no dia\u00a030 de Dezembro (6\u00bafeira) \u00e1s 21h e para a Solenidade de Santa Maria M\u00e3e de Deus (1 de &hellip;<\/p>\n<p class=\"read-more\"> <a class=\"more-link\" href=\"https:\/\/coro.paroquiabaixadabanheira.org\/?p=2249\"> <span class=\"screen-reader-text\">Solenidade de Santa Maria M\u00e3e de Deus (Dia Mundial da Paz)<\/span> Read More &raquo;<\/a><\/p>\n","protected":false},"author":3,"featured_media":0,"comment_status":"open","ping_status":"open","sticky":false,"template":"","format":"standard","meta":{"footnotes":""},"categories":[3],"tags":[],"class_list":["post-2249","post","type-post","status-publish","format-standard","hentry","category-ensaios"],"_links":{"self":[{"href":"https:\/\/coro.paroquiabaixadabanheira.org\/index.php?rest_route=\/wp\/v2\/posts\/2249","targetHints":{"allow":["GET"]}}],"collection":[{"href":"https:\/\/coro.paroquiabaixadabanheira.org\/index.php?rest_route=\/wp\/v2\/posts"}],"about":[{"href":"https:\/\/coro.paroquiabaixadabanheira.org\/index.php?rest_route=\/wp\/v2\/types\/post"}],"author":[{"embeddable":true,"href":"https:\/\/coro.paroquiabaixadabanheira.org\/index.php?rest_route=\/wp\/v2\/users\/3"}],"replies":[{"embeddable":true,"href":"https:\/\/coro.paroquiabaixadabanheira.org\/index.php?rest_route=%2Fwp%2Fv2%2Fcomments&post=2249"}],"version-history":[{"count":1,"href":"https:\/\/coro.paroquiabaixadabanheira.org\/index.php?rest_route=\/wp\/v2\/posts\/2249\/revisions"}],"predecessor-version":[{"id":2250,"href":"https:\/\/coro.paroquiabaixadabanheira.org\/index.php?rest_route=\/wp\/v2\/posts\/2249\/revisions\/2250"}],"wp:attachment":[{"href":"https:\/\/coro.paroquiabaixadabanheira.org\/index.php?rest_route=%2Fwp%2Fv2%2Fmedia&parent=2249"}],"wp:term":[{"taxonomy":"category","embeddable":true,"href":"https:\/\/coro.paroquiabaixadabanheira.org\/index.php?rest_route=%2Fwp%2Fv2%2Fcategories&post=2249"},{"taxonomy":"post_tag","embeddable":true,"href":"https:\/\/coro.paroquiabaixadabanheira.org\/index.php?rest_route=%2Fwp%2Fv2%2Ftags&post=2249"}],"curies":[{"name":"wp","href":"https:\/\/api.w.org\/{rel}","templated":true}]}}