{"id":2252,"date":"2017-01-04T23:38:27","date_gmt":"2017-01-04T23:38:27","guid":{"rendered":"http:\/\/coro.paroquiabaixadabanheira.org\/?p=2252"},"modified":"2017-01-07T01:25:06","modified_gmt":"2017-01-07T01:25:06","slug":"solenidade-da-epifania-do-senhor-3","status":"publish","type":"post","link":"https:\/\/coro.paroquiabaixadabanheira.org\/?p=2252","title":{"rendered":"Solenidade da Epifania do Senhor"},"content":{"rendered":"<p><strong>C\u00e2nticos para\u00a0a Solenidade da Epifania do Senhor \u2013 Ano\u00a0A\u00a0(<\/strong><a href=\"http:\/\/www.liturgia.pt\/liturgiadiaria\/dia.php?data=2017-1-8\"><strong>liturgia<\/strong><\/a><strong>)<\/strong><\/p>\n<ul>\n<li>Entrada: <a href=\"http:\/\/coro.paroquiabaixadabanheira.org\/reportorio\/natal\/um.menino.nos.foi.dado.pdf\">Um menino nos foi dado<\/a><\/li>\n<li>M. Penitencial: <a href=\"http:\/\/coro.paroquiabaixadabanheira.org\/reportorio\/penitencial\/kyrie.10.pdf\">kyrie 10<\/a><\/li>\n<li>Gl\u00f3ria: <a href=\"http:\/\/coro.paroquiabaixadabanheira.org\/reportorio\/gloria\/gloria.2.vozes.pdf\">Gloria 2 Vozes<\/a><\/li>\n<li>Salmo:\u00a071<em> (72) <a href=\"http:\/\/www.liturgia.pt\/multimedia\/mp3\/SalmosResponsoriais\/012_ABC_08NatEpifania-ViraoAdorar-vos.mp3\">\u201cVir\u00e3o adorar-Vos, senhor, todos os povos da terra.\u201d<\/a><\/em><\/li>\n<li>Aclama\u00e7\u00e3o ao Evangelho: <a href=\"http:\/\/coro.paroquiabaixadabanheira.org\/reportorio\/natal\/aleluia.do.natal.pdf\">Aleluia do Natal<\/a><\/li>\n<li>Entrega da B\u00edblia: <a href=\"http:\/\/coro.paroquiabaixadabanheira.org\/reportorio\/aclama\/tua.palavra.de.amor.pdf\">Tua Palavra de Amor<\/a>\u00a0ou <a href=\"http:\/\/coro.paroquiabaixadabanheira.org\/reportorio\/ofertorio\/tens.palavras.de.vida.eterna.pdf\">Tens palavras de vida eterna<\/a><\/li>\n<li>Apresenta\u00e7\u00e3o dos Dons: <a href=\"http:\/\/coro.paroquiabaixadabanheira.org\/reportorio\/natal\/nos.vimos.a.sua.estrela.pdf\">N\u00f3s Vimos a Sua Estrela<\/a><\/li>\n<li>Santo: <a href=\"http:\/\/coro.paroquiabaixadabanheira.org\/reportorio\/santo\/santo.carlos.silva.pdf\">Santo Carlos Silva<\/a><\/li>\n<li>Cordeiro: <a href=\"http:\/\/coro.paroquiabaixadabanheira.org\/reportorio\/cordeiro\/cordeiro.olindo.marques.pdf\">Cordeiro\u00a0(Olindo Marques)<\/a><\/li>\n<li>Comunh\u00e3o: <a href=\"http:\/\/coro.paroquiabaixadabanheira.org\/reportorio\/natal\/adorai.a.deus.pdf\">Adorai a Deus<\/a><\/li>\n<li>Ac\u00e7\u00e3o de Gra\u00e7as: <a href=\"http:\/\/coro.paroquiabaixadabanheira.org\/reportorio\/aclama\/laudate.dominum.pdf\">Laudate Dominum<\/a><\/li>\n<li>Venera\u00e7\u00e3o\u00a0\u00e0 Imagem do Menino:<a href=\"http:\/\/coro.paroquiabaixadabanheira.org\/reportorio\/pentecostes\/espirito.de.amor.pdf\">\u00a0<\/a><a href=\"http:\/\/coro.paroquiabaixadabanheira.org\/reportorio\/natal\/adeste.fideles.vozes.pdf\">Adeste Fideles<\/a><\/li>\n<li>Venera\u00e7\u00e3o\u00a0\u00e0 Imagem do Menino:<a href=\"http:\/\/coro.paroquiabaixadabanheira.org\/reportorio\/pentecostes\/espirito.de.amor.pdf\">\u00a0<\/a><a href=\"http:\/\/coro.paroquiabaixadabanheira.org\/reportorio\/natal\/correi.pressurosos.pdf\">Correi Pressurosos a Bel\u00e9m<\/a><\/li>\n<li>Venera\u00e7\u00e3o\u00a0\u00e0 Imagem do Menino:<a href=\"http:\/\/coro.paroquiabaixadabanheira.org\/reportorio\/pentecostes\/espirito.de.amor.pdf\">\u00a0<\/a><a href=\"http:\/\/coro.paroquiabaixadabanheira.org\/reportorio\/natal\/alegremse.os.ceus.pdf\">Alegrem-se os C\u00e9us e a Terra<\/a><\/li>\n<\/ul>\n<p>Trazer tamb\u00e9m<\/p>\n<ul>\n<li><a href=\"http:\/\/coro.paroquiabaixadabanheira.org\/reportorio\/natal\/levanta.te.jerusalem.pdf\">Levanta-te Jerusal\u00e9m<\/a><\/li>\n<li><a href=\"http:\/\/coro.paroquiabaixadabanheira.org\/reportorio\/diversos\/povos.todos.pdf\">Povos Todos<\/a><\/li>\n<li><a href=\"http:\/\/coro.paroquiabaixadabanheira.org\/reportorio\/natal\/exultemos.de.alegria.pdf\">Exultemos de alegria<\/a><\/li>\n<\/ul>\n","protected":false},"excerpt":{"rendered":"<p>C\u00e2nticos para\u00a0a Solenidade da Epifania do Senhor \u2013 Ano\u00a0A\u00a0(liturgia) Entrada: Um menino nos foi dado M. Penitencial: kyrie 10 Gl\u00f3ria: Gloria 2 Vozes Salmo:\u00a071 (72) \u201cVir\u00e3o adorar-Vos, senhor, todos os povos da terra.\u201d Aclama\u00e7\u00e3o ao Evangelho: Aleluia do Natal Entrega &hellip;<\/p>\n<p class=\"read-more\"> <a class=\"more-link\" href=\"https:\/\/coro.paroquiabaixadabanheira.org\/?p=2252\"> <span class=\"screen-reader-text\">Solenidade da Epifania do Senhor<\/span> Read More &raquo;<\/a><\/p>\n","protected":false},"author":3,"featured_media":0,"comment_status":"open","ping_status":"open","sticky":false,"template":"","format":"standard","meta":{"footnotes":""},"categories":[3],"tags":[],"class_list":["post-2252","post","type-post","status-publish","format-standard","hentry","category-ensaios"],"_links":{"self":[{"href":"https:\/\/coro.paroquiabaixadabanheira.org\/index.php?rest_route=\/wp\/v2\/posts\/2252","targetHints":{"allow":["GET"]}}],"collection":[{"href":"https:\/\/coro.paroquiabaixadabanheira.org\/index.php?rest_route=\/wp\/v2\/posts"}],"about":[{"href":"https:\/\/coro.paroquiabaixadabanheira.org\/index.php?rest_route=\/wp\/v2\/types\/post"}],"author":[{"embeddable":true,"href":"https:\/\/coro.paroquiabaixadabanheira.org\/index.php?rest_route=\/wp\/v2\/users\/3"}],"replies":[{"embeddable":true,"href":"https:\/\/coro.paroquiabaixadabanheira.org\/index.php?rest_route=%2Fwp%2Fv2%2Fcomments&post=2252"}],"version-history":[{"count":7,"href":"https:\/\/coro.paroquiabaixadabanheira.org\/index.php?rest_route=\/wp\/v2\/posts\/2252\/revisions"}],"predecessor-version":[{"id":2259,"href":"https:\/\/coro.paroquiabaixadabanheira.org\/index.php?rest_route=\/wp\/v2\/posts\/2252\/revisions\/2259"}],"wp:attachment":[{"href":"https:\/\/coro.paroquiabaixadabanheira.org\/index.php?rest_route=%2Fwp%2Fv2%2Fmedia&parent=2252"}],"wp:term":[{"taxonomy":"category","embeddable":true,"href":"https:\/\/coro.paroquiabaixadabanheira.org\/index.php?rest_route=%2Fwp%2Fv2%2Fcategories&post=2252"},{"taxonomy":"post_tag","embeddable":true,"href":"https:\/\/coro.paroquiabaixadabanheira.org\/index.php?rest_route=%2Fwp%2Fv2%2Ftags&post=2252"}],"curies":[{"name":"wp","href":"https:\/\/api.w.org\/{rel}","templated":true}]}}