{"id":2263,"date":"2017-01-12T01:50:23","date_gmt":"2017-01-12T01:50:23","guid":{"rendered":"http:\/\/coro.paroquiabaixadabanheira.org\/?p=2263"},"modified":"2017-01-12T01:50:23","modified_gmt":"2017-01-12T01:50:23","slug":"missa-exequial-de-ana-augusta","status":"publish","type":"post","link":"https:\/\/coro.paroquiabaixadabanheira.org\/?p=2263","title":{"rendered":"Missa Exequial de Ana Augusta"},"content":{"rendered":"<p><strong>C\u00e2nticos para\u00a0a Missa Exequial de Ana Augusta<\/strong><\/p>\n<p>Dia 12\/01\/2017 pelas 14 horas ir\u00e1 realizar-se a missa exequial da minha Av\u00f3 Ana Augusta. Quem tiver disponibilidade para vir cantar neste ultimo Adeus, esteja as 13h30\u00a0na igreja para ensaiarmos um pouco os seguintes c\u00e2nticos.<\/p>\n<ul>\n<li>Entrada: <a href=\"http:\/\/coro.paroquiabaixadabanheira.org\/reportorio\/quaresma\/caminha.povo.de.deus.pdf\">Caminha Povo de Deus<\/a><\/li>\n<li>Acto Penitencial: <a href=\"http:\/\/coro.paroquiabaixadabanheira.org\/reportorio\/penitencial\/senhor.tende.piedade.2.pdf\">Senhor, Tende Piedade (Aragu\u00e9s)<\/a><\/li>\n<li>Salmo :\u00a0<em>62 (63)<\/em> <em>\u201cA minha alma tem sede de V\u00f3s, meu Deus.\u201d pag.150<\/em><\/li>\n<li>Aclama\u00e7\u00e3o ao Evangelho: <a href=\"http:\/\/coro.paroquiabaixadabanheira.org\/reportorio\/natal\/aleluia.do.natal.pdf\">Aleluia do Natal<\/a>\u00a0&#8220;<strong>Eu sou a ressurrei\u00e7\u00e3o e a vida, diz o Senhor. Quem acredita em Mim nunca morrer\u00e1<\/strong>&#8220;<\/li>\n<li>Apresenta\u00e7\u00e3o dos Dons: <a href=\"http:\/\/coro.paroquiabaixadabanheira.org\/reportorio\/fieis.defuntos\/eu.sou.a.ressurreicao.pdf\">Eu sou a Ressurrei\u00e7\u00e3o<\/a><\/li>\n<li>Santo: <a href=\"http:\/\/coro.paroquiabaixadabanheira.org\/reportorio\/santo\/santo.f.silva.pdf\">Santo (F. Silva)<\/a><\/li>\n<li>Cordeiro: <a href=\"http:\/\/coro.paroquiabaixadabanheira.org\/reportorio\/cordeiro\/cordeiro.olindo.marques.pdf\">Cordeiro\u00a0(Olindo Marques)<\/a><\/li>\n<li>Comunh\u00e3o: <a href=\"http:\/\/coro.paroquiabaixadabanheira.org\/reportorio\/comunhao\/eu.sou.o.pao.vivo.pdf\">Eu Sou o p\u00e3o vivo<\/a><\/li>\n<li>Final: <a href=\"http:\/\/coro.paroquiabaixadabanheira.org\/reportorio\/quaresma\/quao.amavel.e.vossa.morada.pdf\">A Vossa Morada<\/a>\u00a0ou <a href=\"http:\/\/coro.paroquiabaixadabanheira.org\/reportorio\/fieis.defuntos\/levem.te.os.anjos.pdf\">Levem-te os Anjos<\/a><\/li>\n<\/ul>\n","protected":false},"excerpt":{"rendered":"<p>C\u00e2nticos para\u00a0a Missa Exequial de Ana Augusta Dia 12\/01\/2017 pelas 14 horas ir\u00e1 realizar-se a missa exequial da minha Av\u00f3 Ana Augusta. Quem tiver disponibilidade para vir cantar neste ultimo Adeus, esteja as 13h30\u00a0na igreja para ensaiarmos um pouco os &hellip;<\/p>\n<p class=\"read-more\"> <a class=\"more-link\" href=\"https:\/\/coro.paroquiabaixadabanheira.org\/?p=2263\"> <span class=\"screen-reader-text\">Missa Exequial de Ana Augusta<\/span> Read More &raquo;<\/a><\/p>\n","protected":false},"author":3,"featured_media":0,"comment_status":"open","ping_status":"open","sticky":false,"template":"","format":"standard","meta":{"footnotes":""},"categories":[3],"tags":[],"class_list":["post-2263","post","type-post","status-publish","format-standard","hentry","category-ensaios"],"_links":{"self":[{"href":"https:\/\/coro.paroquiabaixadabanheira.org\/index.php?rest_route=\/wp\/v2\/posts\/2263","targetHints":{"allow":["GET"]}}],"collection":[{"href":"https:\/\/coro.paroquiabaixadabanheira.org\/index.php?rest_route=\/wp\/v2\/posts"}],"about":[{"href":"https:\/\/coro.paroquiabaixadabanheira.org\/index.php?rest_route=\/wp\/v2\/types\/post"}],"author":[{"embeddable":true,"href":"https:\/\/coro.paroquiabaixadabanheira.org\/index.php?rest_route=\/wp\/v2\/users\/3"}],"replies":[{"embeddable":true,"href":"https:\/\/coro.paroquiabaixadabanheira.org\/index.php?rest_route=%2Fwp%2Fv2%2Fcomments&post=2263"}],"version-history":[{"count":1,"href":"https:\/\/coro.paroquiabaixadabanheira.org\/index.php?rest_route=\/wp\/v2\/posts\/2263\/revisions"}],"predecessor-version":[{"id":2264,"href":"https:\/\/coro.paroquiabaixadabanheira.org\/index.php?rest_route=\/wp\/v2\/posts\/2263\/revisions\/2264"}],"wp:attachment":[{"href":"https:\/\/coro.paroquiabaixadabanheira.org\/index.php?rest_route=%2Fwp%2Fv2%2Fmedia&parent=2263"}],"wp:term":[{"taxonomy":"category","embeddable":true,"href":"https:\/\/coro.paroquiabaixadabanheira.org\/index.php?rest_route=%2Fwp%2Fv2%2Fcategories&post=2263"},{"taxonomy":"post_tag","embeddable":true,"href":"https:\/\/coro.paroquiabaixadabanheira.org\/index.php?rest_route=%2Fwp%2Fv2%2Ftags&post=2263"}],"curies":[{"name":"wp","href":"https:\/\/api.w.org\/{rel}","templated":true}]}}