{"id":2270,"date":"2017-01-18T22:05:19","date_gmt":"2017-01-18T22:05:19","guid":{"rendered":"http:\/\/coro.paroquiabaixadabanheira.org\/?p=2270"},"modified":"2017-01-18T22:05:19","modified_gmt":"2017-01-18T22:05:19","slug":"afinal-que-musica-tocar-na-missa","status":"publish","type":"post","link":"https:\/\/coro.paroquiabaixadabanheira.org\/?p=2270","title":{"rendered":"Afinal, que m\u00fasica tocar na Missa"},"content":{"rendered":"<p>O Presente Leiria-F\u00e1tima foi esclarecer estas e outras quest\u00f5es junto do padre Ant\u00f3nio Cartageno (sacerdote da Diocese de Beja e respons\u00e1vel do Servi\u00e7o Nacional de M\u00fasica Sacra)\u00a0que \u00e9 um dos nomes cimeiros da m\u00fasica lit\u00fargica em Portugal.\u00a0( <a href=\"http:\/\/www.leiria-fatima.pt\/index.php?option=com_content&amp;view=article&amp;id=10511:afinal-que-musica-tocar-na-missa&amp;catid=79&amp;Itemid=671\">ler a entrevista<\/a>\u00a0)<\/p>\n","protected":false},"excerpt":{"rendered":"<p>O Presente Leiria-F\u00e1tima foi esclarecer estas e outras quest\u00f5es junto do padre Ant\u00f3nio Cartageno (sacerdote da Diocese de Beja e respons\u00e1vel do Servi\u00e7o Nacional de M\u00fasica Sacra)\u00a0que \u00e9 um dos nomes cimeiros da m\u00fasica lit\u00fargica em Portugal.\u00a0( ler a entrevista\u00a0)<\/p>\n","protected":false},"author":3,"featured_media":0,"comment_status":"open","ping_status":"open","sticky":false,"template":"","format":"standard","meta":{"footnotes":""},"categories":[4],"tags":[],"class_list":["post-2270","post","type-post","status-publish","format-standard","hentry","category-noticias"],"_links":{"self":[{"href":"https:\/\/coro.paroquiabaixadabanheira.org\/index.php?rest_route=\/wp\/v2\/posts\/2270","targetHints":{"allow":["GET"]}}],"collection":[{"href":"https:\/\/coro.paroquiabaixadabanheira.org\/index.php?rest_route=\/wp\/v2\/posts"}],"about":[{"href":"https:\/\/coro.paroquiabaixadabanheira.org\/index.php?rest_route=\/wp\/v2\/types\/post"}],"author":[{"embeddable":true,"href":"https:\/\/coro.paroquiabaixadabanheira.org\/index.php?rest_route=\/wp\/v2\/users\/3"}],"replies":[{"embeddable":true,"href":"https:\/\/coro.paroquiabaixadabanheira.org\/index.php?rest_route=%2Fwp%2Fv2%2Fcomments&post=2270"}],"version-history":[{"count":2,"href":"https:\/\/coro.paroquiabaixadabanheira.org\/index.php?rest_route=\/wp\/v2\/posts\/2270\/revisions"}],"predecessor-version":[{"id":2274,"href":"https:\/\/coro.paroquiabaixadabanheira.org\/index.php?rest_route=\/wp\/v2\/posts\/2270\/revisions\/2274"}],"wp:attachment":[{"href":"https:\/\/coro.paroquiabaixadabanheira.org\/index.php?rest_route=%2Fwp%2Fv2%2Fmedia&parent=2270"}],"wp:term":[{"taxonomy":"category","embeddable":true,"href":"https:\/\/coro.paroquiabaixadabanheira.org\/index.php?rest_route=%2Fwp%2Fv2%2Fcategories&post=2270"},{"taxonomy":"post_tag","embeddable":true,"href":"https:\/\/coro.paroquiabaixadabanheira.org\/index.php?rest_route=%2Fwp%2Fv2%2Ftags&post=2270"}],"curies":[{"name":"wp","href":"https:\/\/api.w.org\/{rel}","templated":true}]}}