{"id":2297,"date":"2017-02-09T00:59:52","date_gmt":"2017-02-09T00:59:52","guid":{"rendered":"http:\/\/coro.paroquiabaixadabanheira.org\/?p=2297"},"modified":"2017-02-20T00:41:10","modified_gmt":"2017-02-20T00:41:10","slug":"uncao-dos-enfermos-dia-do-doente-2","status":"publish","type":"post","link":"https:\/\/coro.paroquiabaixadabanheira.org\/?p=2297","title":{"rendered":"Un\u00e7\u00e3o dos enfermos (Dia do Doente)"},"content":{"rendered":"<p><strong>C\u00e2nticos para\u00a0a un\u00e7\u00e3o dos enfermos<\/strong><\/p>\n<p>Relembro que neste domingos, dia 12 de Fevereiro, para al\u00e9m de cantarmos na eucaristia dominical teremos que estar presentes\u00a0\u00e0 tarde\u00a0para cantar na celebra\u00e7\u00e3o do sacramento da un\u00e7\u00e3o dos enfermos, com inicio as 15h. Agrade\u00e7o a participa\u00e7\u00e3o de todos.<\/p>\n<ul>\n<li>Entrada: <a href=\"http:\/\/coro.paroquiabaixadabanheira.org\/reportorio\/entrada\/jesus.esta.entre.nos.pdf\">Jesus Est\u00e1 Entre N\u00f3s<\/a><\/li>\n<li>Acto Penitencial: <a href=\"http:\/\/coro.paroquiabaixadabanheira.org\/reportorio\/penitencial\/senhor.tende.piedade.3.pdf\">Senhor Tende Piedade (M. Alentejana)<\/a><\/li>\n<li>Salmo :\u00a0118<em> (119)<\/em> <a href=\"http:\/\/www.liturgia.pt\/multimedia\/mp3\/SalmosResponsoriais\/039_TC_A_6Dom-DitosoOQueAnda.mp3\"><em>\u201cDitoso o que anda na lei do Senhor.\u201d <\/em><\/a><\/li>\n<li>Aclama\u00e7\u00e3o ao Evangelho: \u00a0<a href=\"http:\/\/coro.paroquiabaixadabanheira.org\/reportorio\/aclama\/aleluia.manuel.simoes.pdf\">Aleluia (Manuel Sim\u00f5es)<\/a> <strong>\u201cBendito sejais, \u00f3 Pai, Senhor do c\u00e9u e da terra, porque revelastes aos pequeninos os mist\u00e9rios do reino.\u201d<\/strong><\/li>\n<li>Imposi\u00e7\u00e3o das M\u00e3os: <a href=\"http:\/\/coro.paroquiabaixadabanheira.org\/reportorio\/baptismo\/tu.es.fonte.de.vida.pdf\">Tu \u00c9s Fonte de Vida<\/a><\/li>\n<li>Un\u00e7\u00e3o dos enfermos: <a href=\"http:\/\/coro.paroquiabaixadabanheira.org\/reportorio\/gracas\/o.auxilio.vira.pdf\">O auxilio vir\u00e1<\/a><\/li>\n<li>Un\u00e7\u00e3o dos enfermos:<a href=\"http:\/\/coro.paroquiabaixadabanheira.org\/reportorio\/quaresma\/bendiz.a.minha.alma.o.senhor.pdf\">Bendiz a Minha Alma o Senhor<\/a><\/li>\n<li>Un\u00e7\u00e3o dos enfermos:<a href=\"http:\/\/coro.paroquiabaixadabanheira.org\/reportorio\/gracas\/nada.te.perturbe.pdf\">Nada Te Perturbe<\/a><\/li>\n<li>Apresenta\u00e7\u00e3o dos Dons: <a href=\"http:\/\/coro.paroquiabaixadabanheira.org\/reportorio\/comunhao\/douvos.um.mandamento.novo.pdf\">Dou-vos um Mandamento Novo<\/a><\/li>\n<li>Santo: <a href=\"http:\/\/coro.paroquiabaixadabanheira.org\/reportorio\/santo\/santo.a.l.webber.pdf\">Santo\u00a0(A. Webber)<\/a><\/li>\n<li>Cordeiro: <a href=\"http:\/\/coro.paroquiabaixadabanheira.org\/reportorio\/cordeiro\/cordeiro.aragues.pdf\">Cordeiro (Aragues)<\/a><\/li>\n<li>Comunh\u00e3o:<a href=\"http:\/\/coro.paroquiabaixadabanheira.org\/reportorio\/comunhao\/se.cumprirdes.os.meus.mandamentos.pdf\">Se cumprirdes os meus mandamentos<\/a><\/li>\n<li>Ac\u00e7\u00e3o de Gra\u00e7as: a mesma do casamento<\/li>\n<li>Final: <a href=\"http:\/\/coro.paroquiabaixadabanheira.org\/reportorio\/diversos\/o.senhor.e.meu.pastor.pdf\">O Senhor \u00e9 Meu Pastor<\/a><\/li>\n<\/ul>\n","protected":false},"excerpt":{"rendered":"<p>C\u00e2nticos para\u00a0a un\u00e7\u00e3o dos enfermos Relembro que neste domingos, dia 12 de Fevereiro, para al\u00e9m de cantarmos na eucaristia dominical teremos que estar presentes\u00a0\u00e0 tarde\u00a0para cantar na celebra\u00e7\u00e3o do sacramento da un\u00e7\u00e3o dos enfermos, com inicio as 15h. Agrade\u00e7o a &hellip;<\/p>\n<p class=\"read-more\"> <a class=\"more-link\" href=\"https:\/\/coro.paroquiabaixadabanheira.org\/?p=2297\"> <span class=\"screen-reader-text\">Un\u00e7\u00e3o dos enfermos (Dia do Doente)<\/span> Read More &raquo;<\/a><\/p>\n","protected":false},"author":3,"featured_media":0,"comment_status":"open","ping_status":"open","sticky":false,"template":"","format":"standard","meta":{"footnotes":""},"categories":[3],"tags":[],"class_list":["post-2297","post","type-post","status-publish","format-standard","hentry","category-ensaios"],"_links":{"self":[{"href":"https:\/\/coro.paroquiabaixadabanheira.org\/index.php?rest_route=\/wp\/v2\/posts\/2297","targetHints":{"allow":["GET"]}}],"collection":[{"href":"https:\/\/coro.paroquiabaixadabanheira.org\/index.php?rest_route=\/wp\/v2\/posts"}],"about":[{"href":"https:\/\/coro.paroquiabaixadabanheira.org\/index.php?rest_route=\/wp\/v2\/types\/post"}],"author":[{"embeddable":true,"href":"https:\/\/coro.paroquiabaixadabanheira.org\/index.php?rest_route=\/wp\/v2\/users\/3"}],"replies":[{"embeddable":true,"href":"https:\/\/coro.paroquiabaixadabanheira.org\/index.php?rest_route=%2Fwp%2Fv2%2Fcomments&post=2297"}],"version-history":[{"count":5,"href":"https:\/\/coro.paroquiabaixadabanheira.org\/index.php?rest_route=\/wp\/v2\/posts\/2297\/revisions"}],"predecessor-version":[{"id":2313,"href":"https:\/\/coro.paroquiabaixadabanheira.org\/index.php?rest_route=\/wp\/v2\/posts\/2297\/revisions\/2313"}],"wp:attachment":[{"href":"https:\/\/coro.paroquiabaixadabanheira.org\/index.php?rest_route=%2Fwp%2Fv2%2Fmedia&parent=2297"}],"wp:term":[{"taxonomy":"category","embeddable":true,"href":"https:\/\/coro.paroquiabaixadabanheira.org\/index.php?rest_route=%2Fwp%2Fv2%2Fcategories&post=2297"},{"taxonomy":"post_tag","embeddable":true,"href":"https:\/\/coro.paroquiabaixadabanheira.org\/index.php?rest_route=%2Fwp%2Fv2%2Ftags&post=2297"}],"curies":[{"name":"wp","href":"https:\/\/api.w.org\/{rel}","templated":true}]}}