{"id":2359,"date":"2017-04-02T18:38:19","date_gmt":"2017-04-02T18:38:19","guid":{"rendered":"http:\/\/coro.paroquiabaixadabanheira.org\/?p=2359"},"modified":"2017-04-06T13:40:41","modified_gmt":"2017-04-06T13:40:41","slug":"vigilia-pascal-5","status":"publish","type":"post","link":"https:\/\/coro.paroquiabaixadabanheira.org\/?p=2359","title":{"rendered":"Vig\u00edlia Pascal"},"content":{"rendered":"<p>C\u00e2nticos novos:<\/p>\n<ul>\n<li><a title=\"Taiz\u00e9\" href=\"http:\/\/coro.paroquiabaixadabanheira.org\/reportorio\/baptismo\/aguas.das.fontes.pdf\">\u00c1guas das fontes<\/a><\/li>\n<li><a href=\"http:\/\/coro.paroquiabaixadabanheira.org\/reportorio\/penitencial\/vi.a.agua.sair.pdf\">Vi a \u00e1gua sair<\/a><\/li>\n<li><a href=\"http:\/\/coro.paroquiabaixadabanheira.org\/reportorio\/pascoa\/o.senhor.ressuscitou.pdf\">O Senhor Ressuscitou Verdadeiramente<\/a><\/li>\n<\/ul>\n<h4>C\u00e2nticos para a Vig\u00edlia Pascal (<a href=\"http:\/\/www.liturgia.pt\/liturgiadiaria\/dia.php?data=2017-4-16\">Liturgia<\/a>)<\/h4>\n<p>Celebra\u00e7\u00e3o da Luz<\/p>\n<ul>\n<li>Entrada da Luz:\u00a0<a href=\"http:\/\/coro.paroquiabaixadabanheira.org\/reportorio\/pascoa\/eis.a.luz.de.cristo.pdf\">Eis a Luz de Cristo<\/a><\/li>\n<li>Entrada da Luz:\u00a0<a title=\"Taiz\u00e9\" href=\"http:\/\/coro.paroquiabaixadabanheira.org\/reportorio\/pascoa\/a.luz.de.cristo.pdf\">A Luz de Cristo<\/a><\/li>\n<li>An\u00fancio da P\u00e1scoa:\u00a0<a href=\"http:\/\/coro.paroquiabaixadabanheira.org\/reportorio\/pascoa\/preconio.pdf\">Preg\u00e3o Pascal<\/a><\/li>\n<\/ul>\n<p>Celebra\u00e7\u00e3o da Palavra<\/p>\n<ul>\n<li>Salmo 1:\u00a032<em> (33)<\/em> <a href=\"http:\/\/www.liturgia.pt\/multimedia\/mp3\/SalmosResponsoriais\/023_ABC_15VigPascI-ABondade.mp3\"><em>\u201dA bondade do Senhor encheu a terra.\u201d<\/em><\/a><\/li>\n<li>Salmo 2:\u00a0Ex 15\u00a0<a href=\"http:\/\/www.liturgia.pt\/multimedia\/mp3\/SalmosResponsoriais\/024_ABC_16VigPascIII-CantemosAoSenhor.mp3\"><em>\u201dCantemos ao Senhor, que se revestiu de gl\u00f3ria.\u201d<\/em><\/a><\/li>\n<li>Salmo\u00a03:\u00a040<em> (41)<\/em> <em>\u201dComo o veado anseia p&#8217;las \u00e1guas vivas.\u201d<\/em><\/li>\n<li>Gl\u00f3ria:\u00a0<a href=\"http:\/\/coro.paroquiabaixadabanheira.org\/reportorio\/gloria\/gloria.a.deus.a.cartageno.pdf\">Gloria Cartageno<\/a><\/li>\n<li>Aleluia:\u00a0<a href=\"http:\/\/coro.paroquiabaixadabanheira.org\/reportorio\/pascoa\/aleluia.pascal.vigilia.pdf\">Aleluia Pascal \u2013 Vigilia<\/a><\/li>\n<li>Ap\u00f3s o Evangelho:\u00a0<a href=\"http:\/\/coro.paroquiabaixadabanheira.org\/reportorio\/pascoa\/ressuscitou.pdf\">Resssuscitou<\/a><\/li>\n<\/ul>\n<p>Celebra\u00e7\u00e3o da \u00c1gua (Baptismos)<\/p>\n<ul>\n<li>Ladainhas:\u00a0<a href=\"http:\/\/coro.paroquiabaixadabanheira.org\/reportorio\/pascoa\/ladainhas.pdf\">Ladainhas<\/a><\/li>\n<li>Baptismos: <a title=\"Taiz\u00e9\" href=\"http:\/\/coro.paroquiabaixadabanheira.org\/reportorio\/baptismo\/aguas.das.fontes.pdf\">\u00c1guas das fontes<\/a>\u00a0ou <a href=\"http:\/\/coro.paroquiabaixadabanheira.org\/reportorio\/baptismo\/baptizame.senhor.pdf\">Baptiza-me Senhor<\/a><\/li>\n<li>Baptismos:\u00a0<a href=\"http:\/\/coro.paroquiabaixadabanheira.org\/reportorio\/quaresma\/bendiz.a.minha.alma.o.senhor.pdf\">Bendiz a Minha Alma o Senhor<\/a><\/li>\n<li>Un\u00e7\u00e3o do Crisma: <a title=\"Taiz\u00e9\" href=\"http:\/\/coro.paroquiabaixadabanheira.org\/reportorio\/baptismo\/tu.es.fonte.de.vida.pdf\">Tu \u00c9s Fonte de Vida<\/a><\/li>\n<li>Veste branca: <a href=\"http:\/\/coro.paroquiabaixadabanheira.org\/reportorio\/baptismo\/vos.que.fostes.baptizados.pdf\">V\u00f3s que Fostes Baptizados<\/a><\/li>\n<li>Luz: <a title=\"Taiz\u00e9\" href=\"http:\/\/coro.paroquiabaixadabanheira.org\/reportorio\/diversos\/senhor.jesus.pdf\">Senhor Jesus, Tu \u00c9s Luz do Mundo<\/a><\/li>\n<li>Aspers\u00e3o: <a href=\"http:\/\/coro.paroquiabaixadabanheira.org\/reportorio\/penitencial\/vi.a.agua.sair.pdf\">Vi a \u00e1gua sair<\/a><\/li>\n<li>Casamento: <a href=\"http:\/\/coro.paroquiabaixadabanheira.org\/reportorio\/diversos\/se.eu.nao.tiver.amor.pdf\">Se Eu N\u00e3o Tiver Amor<\/a>.<\/li>\n<\/ul>\n<p>Celebra\u00e7\u00e3o da Eucaristia<\/p>\n<ul>\n<li>Ora\u00e7\u00e3o dos Fi\u00e9is: <a href=\"http:\/\/coro.paroquiabaixadabanheira.org\/reportorio\/aclamacao\/oracao.universal.pdf\">Respostas<\/a><\/li>\n<li>Ofert\u00f3rio: <a href=\"http:\/\/coro.paroquiabaixadabanheira.org\/reportorio\/pascoa\/deus.venceu.a.morte.pdf\">Deus Venceu a Morte<\/a><\/li>\n<li>Santo: <a href=\"http:\/\/coro.paroquiabaixadabanheira.org\/reportorio\/santo\/santo.carlos.silva.pdf\">Santo Carlos Silva<\/a><\/li>\n<li>Pai-Nosso:\u00a0<a href=\"http:\/\/coro.paroquiabaixadabanheira.org\/reportorio\/painosso\/pai.nosso.2.vozes.pdf\">Pai Nosso (L. Almeida)<\/a><\/li>\n<li>Paz\/Cordeiro: <a href=\"http:\/\/coro.paroquiabaixadabanheira.org\/reportorio\/cordeiro\/cordeiro.cartageno.pdf\">Cordeiro (A. Cartageno)<\/a>\u00a0ou <a href=\"http:\/\/coro.paroquiabaixadabanheira.org\/reportorio\/cordeiro\/cordeiro.cartageno2.pdf\">Cordeiro\u00a02 Cartageno<\/a><\/li>\n<li>Comunh\u00e3o: <a href=\"http:\/\/coro.paroquiabaixadabanheira.org\/reportorio\/pascoa\/como.o.grao.de.semente.pdf\">Como o Gr\u00e3o de Semente<\/a><\/li>\n<li>Final: <a href=\"http:\/\/coro.paroquiabaixadabanheira.org\/reportorio\/pascoa\/hino.a.cristo.ressuscitado.pdf\">Hino a Cristo Ressuscitado<\/a><\/li>\n<li>Final: <a href=\"http:\/\/coro.paroquiabaixadabanheira.org\/reportorio\/pascoa\/porque.ele.vive.pdf\">Porque Ele Vive<\/a><\/li>\n<\/ul>\n<h4>C\u00e2nticos para o Domingo de P\u00e1scoa (<a href=\"http:\/\/www.liturgia.pt\/liturgiadiaria\/dia.php?data=2017-4-16\">Liturgia<\/a>)<\/h4>\n<ul>\n<li>Entrada: <a href=\"http:\/\/coro.paroquiabaixadabanheira.org\/reportorio\/pascoa\/jesus.cristo.venceu.a.morte.pdf\">Jesus Cristo Venceu a Morte<\/a>\u00a0ou <a href=\"http:\/\/coro.paroquiabaixadabanheira.org\/reportorio\/pascoa\/o.senhor.ressuscitou.pdf\">O Senhor Ressuscitou Verdadeiramente<\/a><\/li>\n<li>M. Penitencial: <a href=\"http:\/\/coro.paroquiabaixadabanheira.org\/reportorio\/penitencial\/kyrie.eleison.mario.soroldoni.pdf\">Kyrie Eleison (M\u00e1rio Soroldoni)<\/a><\/li>\n<li>Aspers\u00e3o: <a href=\"http:\/\/coro.paroquiabaixadabanheira.org\/reportorio\/penitencial\/vi.a.agua.sair.pdf\">Vi a \u00e1gua sair<\/a><\/li>\n<li>Gl\u00f3ria:\u00a0<a href=\"http:\/\/coro.paroquiabaixadabanheira.org\/reportorio\/gloria\/gloria.a.deus.a.cartageno.pdf\">Gloria Cartageno<\/a><\/li>\n<li>Salmo:\u00a0117<em> (118)<\/em> <a href=\"http:\/\/www.liturgia.pt\/multimedia\/mp3\/SalmosResponsoriais\/028_ABC_20DomPascoa-EisODia.mp3\"><em>\u201dEis o dia que fez o senhor. Nele exultemos e nos alegremos.\u201d<\/em><\/a><\/li>\n<li>Aleluia:\u00a0<a href=\"http:\/\/coro.paroquiabaixadabanheira.org\/reportorio\/pascoa\/aleluia.pascal.pdf\">Aleluia Pascal<\/a>\u00a0<strong>\u201cCristo, nosso Cordeiro Pascal, foi imolado: celebremos a festa do Senhor.\u201d<\/strong><\/li>\n<li>Ap\u00f3s o Evangelho:\u00a0<a href=\"http:\/\/coro.paroquiabaixadabanheira.org\/reportorio\/pascoa\/ressuscitou.pdf\">Resssuscitou<\/a><\/li>\n<li>Ladainhas:\u00a0<a href=\"http:\/\/coro.paroquiabaixadabanheira.org\/reportorio\/pascoa\/ladainhas.pdf\">Ladainhas<\/a><\/li>\n<li>Baptismo: <a title=\"Taiz\u00e9\" href=\"http:\/\/coro.paroquiabaixadabanheira.org\/reportorio\/baptismo\/aguas.das.fontes.pdf\">\u00c1guas das fontes<\/a>\u00a0ou <a href=\"http:\/\/coro.paroquiabaixadabanheira.org\/reportorio\/baptismo\/baptizame.senhor.pdf\">Baptiza-me Senhor<\/a><\/li>\n<li>Un\u00e7\u00e3o do Crisma: <a title=\"Taiz\u00e9\" href=\"http:\/\/coro.paroquiabaixadabanheira.org\/reportorio\/baptismo\/tu.es.fonte.de.vida.pdf\">Tu \u00c9s Fonte de Vida<\/a><\/li>\n<li>Veste branca: <a href=\"http:\/\/coro.paroquiabaixadabanheira.org\/reportorio\/baptismo\/vos.que.fostes.baptizados.pdf\">V\u00f3s que Fostes Baptizados<\/a><\/li>\n<li>Luz: <a title=\"Taiz\u00e9\" href=\"http:\/\/coro.paroquiabaixadabanheira.org\/reportorio\/diversos\/senhor.jesus.pdf\">Senhor Jesus, Tu \u00c9s Luz do Mundo<\/a><\/li>\n<li>Ofert\u00f3rio: <a href=\"http:\/\/coro.paroquiabaixadabanheira.org\/reportorio\/pascoa\/deus.venceu.a.morte.pdf\">Deus Venceu a Morte<\/a><\/li>\n<li>Santo: <a href=\"http:\/\/coro.paroquiabaixadabanheira.org\/reportorio\/santo\/santo.carlos.silva.pdf\">Santo Carlos Silva<\/a><\/li>\n<li>Pai-Nosso: <a href=\"http:\/\/coro.paroquiabaixadabanheira.org\/reportorio\/painosso\/pai.nosso.2.vozes.pdf\">Pai Nosso (L. Almeida)<\/a><\/li>\n<li>Paz\/Cordeiro: <a href=\"http:\/\/coro.paroquiabaixadabanheira.org\/reportorio\/cordeiro\/cordeiro.cartageno.pdf\">Cordeiro (A. Cartageno)<\/a>\u00a0ou <a href=\"http:\/\/coro.paroquiabaixadabanheira.org\/reportorio\/cordeiro\/cordeiro.cartageno2.pdf\">Cordeiro\u00a02 Cartageno<\/a><\/li>\n<li>Comunh\u00e3o: <a href=\"http:\/\/coro.paroquiabaixadabanheira.org\/reportorio\/pascoa\/como.o.grao.de.semente.pdf\">Como o Gr\u00e3o de Semente<\/a><\/li>\n<li>Final: <a href=\"http:\/\/coro.paroquiabaixadabanheira.org\/reportorio\/pascoa\/hino.a.cristo.ressuscitado.pdf\">Hino a Cristo Ressuscitado<\/a><\/li>\n<li>Final: <a href=\"http:\/\/coro.paroquiabaixadabanheira.org\/reportorio\/pascoa\/porque.ele.vive.pdf\">Porque Ele Vive<\/a><\/li>\n<\/ul>\n","protected":false},"excerpt":{"rendered":"<p>C\u00e2nticos novos: \u00c1guas das fontes Vi a \u00e1gua sair O Senhor Ressuscitou Verdadeiramente C\u00e2nticos para a Vig\u00edlia Pascal (Liturgia) Celebra\u00e7\u00e3o da Luz Entrada da Luz:\u00a0Eis a Luz de Cristo Entrada da Luz:\u00a0A Luz de Cristo An\u00fancio da P\u00e1scoa:\u00a0Preg\u00e3o Pascal Celebra\u00e7\u00e3o &hellip;<\/p>\n<p class=\"read-more\"> <a class=\"more-link\" href=\"https:\/\/coro.paroquiabaixadabanheira.org\/?p=2359\"> <span class=\"screen-reader-text\">Vig\u00edlia Pascal<\/span> Read More &raquo;<\/a><\/p>\n","protected":false},"author":3,"featured_media":0,"comment_status":"open","ping_status":"open","sticky":false,"template":"","format":"standard","meta":{"footnotes":""},"categories":[3],"tags":[],"class_list":["post-2359","post","type-post","status-publish","format-standard","hentry","category-ensaios"],"_links":{"self":[{"href":"https:\/\/coro.paroquiabaixadabanheira.org\/index.php?rest_route=\/wp\/v2\/posts\/2359","targetHints":{"allow":["GET"]}}],"collection":[{"href":"https:\/\/coro.paroquiabaixadabanheira.org\/index.php?rest_route=\/wp\/v2\/posts"}],"about":[{"href":"https:\/\/coro.paroquiabaixadabanheira.org\/index.php?rest_route=\/wp\/v2\/types\/post"}],"author":[{"embeddable":true,"href":"https:\/\/coro.paroquiabaixadabanheira.org\/index.php?rest_route=\/wp\/v2\/users\/3"}],"replies":[{"embeddable":true,"href":"https:\/\/coro.paroquiabaixadabanheira.org\/index.php?rest_route=%2Fwp%2Fv2%2Fcomments&post=2359"}],"version-history":[{"count":4,"href":"https:\/\/coro.paroquiabaixadabanheira.org\/index.php?rest_route=\/wp\/v2\/posts\/2359\/revisions"}],"predecessor-version":[{"id":2363,"href":"https:\/\/coro.paroquiabaixadabanheira.org\/index.php?rest_route=\/wp\/v2\/posts\/2359\/revisions\/2363"}],"wp:attachment":[{"href":"https:\/\/coro.paroquiabaixadabanheira.org\/index.php?rest_route=%2Fwp%2Fv2%2Fmedia&parent=2359"}],"wp:term":[{"taxonomy":"category","embeddable":true,"href":"https:\/\/coro.paroquiabaixadabanheira.org\/index.php?rest_route=%2Fwp%2Fv2%2Fcategories&post=2359"},{"taxonomy":"post_tag","embeddable":true,"href":"https:\/\/coro.paroquiabaixadabanheira.org\/index.php?rest_route=%2Fwp%2Fv2%2Ftags&post=2359"}],"curies":[{"name":"wp","href":"https:\/\/api.w.org\/{rel}","templated":true}]}}