{"id":2364,"date":"2017-04-06T14:03:31","date_gmt":"2017-04-06T14:03:31","guid":{"rendered":"http:\/\/coro.paroquiabaixadabanheira.org\/?p=2364"},"modified":"2017-04-10T11:08:46","modified_gmt":"2017-04-10T11:08:46","slug":"domingo-de-ramos-na-paixao-do-senhor-2","status":"publish","type":"post","link":"https:\/\/coro.paroquiabaixadabanheira.org\/?p=2364","title":{"rendered":"Domingo de Ramos na Paix\u00e3o do Senhor"},"content":{"rendered":"<p><strong>C\u00e2nticos para\u00a0o\u00a0Domingo\u00a0de\u00a0Ramos\u00a0na Paix\u00e3o do Senhor \u2013\u00a0Ano\u00a0A\u00a0(<\/strong><a href=\"http:\/\/www.liturgia.pt\/liturgiadiaria\/dia.php?data=2017-4-9\"><strong>liturgia<\/strong><strong>)<\/strong><\/a><\/p>\n<p>Relembro que o ensaio \u00e9\u00a0<strong>S\u00e1bado<\/strong>, dia\u00a008\/04\/2017 \u00e1s 21horas no sal\u00e3o.<\/p>\n<ul>\n<li>Entrada: <a href=\"http:\/\/coro.paroquiabaixadabanheira.org\/reportorio\/diversos\/hossana.pdf\">Hossana nas Alturas<\/a><\/li>\n<li>Salmo\u00a021 <em>(22):\u00a0<a href=\"http:\/\/www.liturgia.pt\/multimedia\/mp3\/SalmosResponsoriais\/019_ABC_11SemSantRamos-MeuDeus.mp3\">\u201dMeu Deus, meu Deus, porque me abandonaste?\u201d<\/a><\/em><\/li>\n<li>Aclama\u00e7\u00e3o ao Evangelho:\u00a0\u00a0\u00a0<a href=\"http:\/\/coro.paroquiabaixadabanheira.org\/reportorio\/aclama\/louvor.a.vos.a.pdf\">Louvor a V\u00f3s<\/a>\u00a0 <strong>\u201d Cristo obedeceu at\u00e9 a morte e morte de cruz.<\/strong><strong> Por isso Deus O exaltou e Lhe deu um<\/strong><strong> nome que est\u00e1 acima de todos os nomes.\u201d<\/strong><\/li>\n<li>Apresenta\u00e7\u00e3o dos Dons:\u00a0<a href=\"http:\/\/coro.paroquiabaixadabanheira.org\/reportorio\/quaresma\/cobriu.se.a.terra.pdf\">Cobriu-se a Terra de Luto<\/a>\u00a0ou <a href=\"http:\/\/coro.paroquiabaixadabanheira.org\/reportorio\/quaresma\/hora.de.noa.pdf\">Por Nosso Amor<\/a><\/li>\n<li>Santo: <a href=\"http:\/\/coro.paroquiabaixadabanheira.org\/reportorio\/santo\/santo.j.paulo.abreu.pdf\">Santo\u00a0(Jos\u00e9 Abreu)<\/a><\/li>\n<li>Cordeiro:\u00a0<a href=\"http:\/\/coro.paroquiabaixadabanheira.org\/reportorio\/cordeiro\/cordeiro.aragues.pdf\">Cordeiro (Aragues)<\/a><\/li>\n<li>Comunh\u00e3o: <a href=\"http:\/\/coro.paroquiabaixadabanheira.org\/reportorio\/quaresma\/pai.se.este.calice1.pdf\">Pai, se este c\u00e1lice<\/a><\/li>\n<li>Ac\u00e7\u00e3o de Gra\u00e7as: <a href=\"http:\/\/coro.paroquiabaixadabanheira.org\/reportorio\/taize\/in.manus.tuas.pater.pdf\">In manus tuas, pater<\/a><\/li>\n<li>Final: <a href=\"http:\/\/coro.paroquiabaixadabanheira.org\/reportorio\/quaresma\/hossana.tu.reinaras.pdf\">Hossana!Tu Reinar\u00e1s!<\/a><\/li>\n<\/ul>\n<p>Trazer:<\/p>\n<ul>\n<li>Todas as musicas da semana Santa e Vig\u00edlia<\/li>\n<\/ul>\n","protected":false},"excerpt":{"rendered":"<p>C\u00e2nticos para\u00a0o\u00a0Domingo\u00a0de\u00a0Ramos\u00a0na Paix\u00e3o do Senhor \u2013\u00a0Ano\u00a0A\u00a0(liturgia) Relembro que o ensaio \u00e9\u00a0S\u00e1bado, dia\u00a008\/04\/2017 \u00e1s 21horas no sal\u00e3o. Entrada: Hossana nas Alturas Salmo\u00a021 (22):\u00a0\u201dMeu Deus, meu Deus, porque me abandonaste?\u201d Aclama\u00e7\u00e3o ao Evangelho:\u00a0\u00a0\u00a0Louvor a V\u00f3s\u00a0 \u201d Cristo obedeceu at\u00e9 a morte e &hellip;<\/p>\n<p class=\"read-more\"> <a class=\"more-link\" href=\"https:\/\/coro.paroquiabaixadabanheira.org\/?p=2364\"> <span class=\"screen-reader-text\">Domingo de Ramos na Paix\u00e3o do Senhor<\/span> Read More &raquo;<\/a><\/p>\n","protected":false},"author":3,"featured_media":0,"comment_status":"open","ping_status":"open","sticky":false,"template":"","format":"standard","meta":{"footnotes":""},"categories":[3],"tags":[],"class_list":["post-2364","post","type-post","status-publish","format-standard","hentry","category-ensaios"],"_links":{"self":[{"href":"https:\/\/coro.paroquiabaixadabanheira.org\/index.php?rest_route=\/wp\/v2\/posts\/2364","targetHints":{"allow":["GET"]}}],"collection":[{"href":"https:\/\/coro.paroquiabaixadabanheira.org\/index.php?rest_route=\/wp\/v2\/posts"}],"about":[{"href":"https:\/\/coro.paroquiabaixadabanheira.org\/index.php?rest_route=\/wp\/v2\/types\/post"}],"author":[{"embeddable":true,"href":"https:\/\/coro.paroquiabaixadabanheira.org\/index.php?rest_route=\/wp\/v2\/users\/3"}],"replies":[{"embeddable":true,"href":"https:\/\/coro.paroquiabaixadabanheira.org\/index.php?rest_route=%2Fwp%2Fv2%2Fcomments&post=2364"}],"version-history":[{"count":4,"href":"https:\/\/coro.paroquiabaixadabanheira.org\/index.php?rest_route=\/wp\/v2\/posts\/2364\/revisions"}],"predecessor-version":[{"id":2368,"href":"https:\/\/coro.paroquiabaixadabanheira.org\/index.php?rest_route=\/wp\/v2\/posts\/2364\/revisions\/2368"}],"wp:attachment":[{"href":"https:\/\/coro.paroquiabaixadabanheira.org\/index.php?rest_route=%2Fwp%2Fv2%2Fmedia&parent=2364"}],"wp:term":[{"taxonomy":"category","embeddable":true,"href":"https:\/\/coro.paroquiabaixadabanheira.org\/index.php?rest_route=%2Fwp%2Fv2%2Fcategories&post=2364"},{"taxonomy":"post_tag","embeddable":true,"href":"https:\/\/coro.paroquiabaixadabanheira.org\/index.php?rest_route=%2Fwp%2Fv2%2Ftags&post=2364"}],"curies":[{"name":"wp","href":"https:\/\/api.w.org\/{rel}","templated":true}]}}