{"id":2377,"date":"2017-04-26T02:28:00","date_gmt":"2017-04-26T02:28:00","guid":{"rendered":"http:\/\/coro.paroquiabaixadabanheira.org\/?p=2377"},"modified":"2017-04-26T02:28:00","modified_gmt":"2017-04-26T02:28:00","slug":"domingo-iii-da-pascoa-7","status":"publish","type":"post","link":"https:\/\/coro.paroquiabaixadabanheira.org\/?p=2377","title":{"rendered":"Domingo III da P\u00e1scoa"},"content":{"rendered":"<p><strong>C\u00e2nticos para\u00a0o III Domingo\u00a0da\u00a0P\u00e1scoa<\/strong><strong> (Primeira comunh\u00e3o e Batizados)\u2013\u00a0Ano\u00a0A\u00a0(<a href=\"http:\/\/www.liturgia.pt\/liturgiadiaria\/dia.php?data=2017-4-30\">liturgia)<\/a><\/strong><\/p>\n<p>Devido \u00e0 ocupa\u00e7\u00e3o da Igreja na sexta-feira o ensaio para a missa dominical ser\u00e1 realizado <strong>quinta-feira dia 27\/04\/2017<\/strong> \u00e0 mesma hora. No entanto teremos ensaio sexta-feira, dia 28\/04\/2017\u00a0nas salas da catequese para ensaiarmos as musicas de F\u00e1tima, de forma a celebrarmos e entrarmos no ambiente\u00a0do Centen\u00e1rio das Apari\u00e7\u00f5es de F\u00e1tima <a href=\"http:\/\/www.fatima.pt\/pt\/pages\/apresentacao\">(ler mais)<\/a>\u00a0e Canoniza\u00e7\u00e3o dos Pastorinhos Francisco e Jacinta Marto <a href=\"http:\/\/www.fatima.pt\/pt\/news\/pastorinhos-vao-ser-declarados-santos-em-fatima-no-proximo-dia-13-de-maio\">(ler mais).<\/a><\/p>\n<ul>\n<li>Entrada: <a href=\"http:\/\/coro.paroquiabaixadabanheira.org\/reportorio\/entrada\/vem.com.alegria.pdf\">V\u00eam com Alegria<\/a>\u00a0ou <a href=\"http:\/\/coro.paroquiabaixadabanheira.org\/reportorio\/entrada\/guiado.pela.mao.pdf\">Guiado pela m\u00e3o<\/a><\/li>\n<li>Acto Penitencial: <a href=\"http:\/\/coro.paroquiabaixadabanheira.org\/reportorio\/penitencial\/senhor.tende.piedade.2.pdf\">Senhor, Tende Piedade\u00a0(Tom\u00e1s de Aragues)<\/a><\/li>\n<li>Aspers\u00e3o: <a href=\"http:\/\/coro.paroquiabaixadabanheira.org\/reportorio\/penitencial\/vi.a.agua.sair.pdf\">Vi a \u00e1gua sair<\/a><\/li>\n<li>Gl\u00f3ria:\u00a0<a href=\"http:\/\/coro.paroquiabaixadabanheira.org\/reportorio\/gloria\/gloria.2.vozes.pdf\">Gloria 2 Vozes<\/a><\/li>\n<li>Salmo :\u00a015<em> (16) <a href=\"http:\/\/www.liturgia.pt\/multimedia\/mp3\/SalmosResponsoriais\/030_Pas03AIIIDom-Mostrai-nosSenhor.mp3\">\u201dMostrai-me, Senhor, o caminho da vida.\u201d<\/a><\/em><\/li>\n<li>Aclama\u00e7\u00e3o ao Evangelho:\u00a0 <a href=\"http:\/\/coro.paroquiabaixadabanheira.org\/reportorio\/pascoa\/aleluia.pascal.pdf\">Aleluia Pascal<\/a>\u00a0<strong>\u201cSenhor Jesus, abri-nos as Escrituras, falai-nos e inflamai o nosso cora\u00e7\u00e3o.\u201d<\/strong><\/li>\n<li>Ladainhas:\u00a0<a href=\"http:\/\/coro.paroquiabaixadabanheira.org\/reportorio\/pascoa\/ladainhas.pdf\">Ladainhas<\/a><\/li>\n<li>Baptismos: <a title=\"Taiz\u00e9\" href=\"http:\/\/coro.paroquiabaixadabanheira.org\/reportorio\/baptismo\/aguas.das.fontes.pdf\">\u00c1guas das fontes<\/a>\u00a0ou <a href=\"http:\/\/coro.paroquiabaixadabanheira.org\/reportorio\/baptismo\/baptizame.senhor.pdf\">Baptiza-me Senhor<\/a><\/li>\n<li>Baptismos:\u00a0<a href=\"http:\/\/coro.paroquiabaixadabanheira.org\/reportorio\/quaresma\/bendiz.a.minha.alma.o.senhor.pdf\">Bendiz a Minha Alma o Senhor<\/a><\/li>\n<li>Un\u00e7\u00e3o do Crisma: <a title=\"Taiz\u00e9\" href=\"http:\/\/coro.paroquiabaixadabanheira.org\/reportorio\/baptismo\/tu.es.fonte.de.vida.pdf\">Tu \u00c9s Fonte de Vida<\/a><\/li>\n<li>Veste branca: <a href=\"http:\/\/coro.paroquiabaixadabanheira.org\/reportorio\/baptismo\/vos.que.fostes.baptizados.pdf\">V\u00f3s que Fostes Baptizados<\/a><\/li>\n<li>Luz: <a title=\"Taiz\u00e9\" href=\"http:\/\/coro.paroquiabaixadabanheira.org\/reportorio\/diversos\/senhor.jesus.pdf\">Senhor Jesus, Tu \u00c9s Luz do Mundo<\/a><\/li>\n<li>Ora\u00e7\u00e3o dos Fi\u00e9is: <a href=\"http:\/\/coro.paroquiabaixadabanheira.org\/reportorio\/aclamacao\/oracao.universal.pdf\">Respostas<\/a><\/li>\n<li>Apresenta\u00e7\u00e3o dos Dons: <a href=\"http:\/\/coro.paroquiabaixadabanheira.org\/reportorio\/pascoa\/eu.vi.meu.deus.e.senhor.pdf\">Eu Vi Meu Deus e Senhor<\/a>\u00a0ou <a href=\"http:\/\/coro.paroquiabaixadabanheira.org\/reportorio\/diversos\/tao.perto.de.mim.pdf\">T\u00e3o Perto de Mim<\/a><\/li>\n<li>Santo: <a href=\"http:\/\/coro.paroquiabaixadabanheira.org\/reportorio\/santo\/santo.carlos.silva.pdf\">Santo Carlos Silva<\/a><\/li>\n<li>Cordeiro: <a href=\"http:\/\/coro.paroquiabaixadabanheira.org\/reportorio\/cordeiro\/cordeiro.cartageno2.pdf\">Cordeiro\u00a02 Cartageno<\/a><\/li>\n<li>Comunh\u00e3o:\u00a0\u00a0\u00a0<a href=\"http:\/\/coro.paroquiabaixadabanheira.org\/reportorio\/comunhao\/corpo.de.jesus.e.alimento.pdf\">O Corpo de Jesus \u00e9 Alimento<\/a>\u00a0ou <a href=\"http:\/\/coro.paroquiabaixadabanheira.org\/reportorio\/pascoa\/jesus.cristo.venceu.a.morte.pdf\">Jesus Cristo Venceu a Morte<\/a><\/li>\n<li>Final:\u00a0<a href=\"http:\/\/coro.paroquiabaixadabanheira.org\/reportorio\/final\/deus.esta.aqui.pdf\">Deus est\u00e1 Aqui<\/a>\u00a0ou <a href=\"http:\/\/coro.paroquiabaixadabanheira.org\/reportorio\/pascoa\/hino.a.cristo.ressuscitado.pdf\">Hino a Cristo Ressuscitado<\/a><\/li>\n<\/ul>\n<p><strong>Centen\u00e1rio das Apari\u00e7\u00f5es de F\u00e1tima e Canoniza\u00e7\u00e3o dos Pastorinhos<\/strong> (Trazer na quinta e sexta-feira):<\/p>\n<ul>\n<li><a href=\"http:\/\/coro.paroquiabaixadabanheira.org\/reportorio\/maria\/hino.pastorinhos.pdf\">Hino dos Pastorinhos<\/a><\/li>\n<li><a href=\"http:\/\/coro.paroquiabaixadabanheira.org\/reportorio\/maria\/hino.centenario.fatima.pdf\">Mestra do An\u00fancio, Profecia do Amor<\/a>\u00a0(Hino do Centen\u00e1rio das Apari\u00e7\u00f5es de F\u00e1tima, <a href=\"http:\/\/www.fatima.pt\/pt\/pages\/hino-do-centenario\">ler mais<\/a>)<\/li>\n<\/ul>\n","protected":false},"excerpt":{"rendered":"<p>C\u00e2nticos para\u00a0o III Domingo\u00a0da\u00a0P\u00e1scoa (Primeira comunh\u00e3o e Batizados)\u2013\u00a0Ano\u00a0A\u00a0(liturgia) Devido \u00e0 ocupa\u00e7\u00e3o da Igreja na sexta-feira o ensaio para a missa dominical ser\u00e1 realizado quinta-feira dia 27\/04\/2017 \u00e0 mesma hora. No entanto teremos ensaio sexta-feira, dia 28\/04\/2017\u00a0nas salas da catequese para &hellip;<\/p>\n<p class=\"read-more\"> <a class=\"more-link\" href=\"https:\/\/coro.paroquiabaixadabanheira.org\/?p=2377\"> <span class=\"screen-reader-text\">Domingo III da P\u00e1scoa<\/span> Read More &raquo;<\/a><\/p>\n","protected":false},"author":3,"featured_media":0,"comment_status":"open","ping_status":"open","sticky":false,"template":"","format":"standard","meta":{"footnotes":""},"categories":[3],"tags":[],"class_list":["post-2377","post","type-post","status-publish","format-standard","hentry","category-ensaios"],"_links":{"self":[{"href":"https:\/\/coro.paroquiabaixadabanheira.org\/index.php?rest_route=\/wp\/v2\/posts\/2377","targetHints":{"allow":["GET"]}}],"collection":[{"href":"https:\/\/coro.paroquiabaixadabanheira.org\/index.php?rest_route=\/wp\/v2\/posts"}],"about":[{"href":"https:\/\/coro.paroquiabaixadabanheira.org\/index.php?rest_route=\/wp\/v2\/types\/post"}],"author":[{"embeddable":true,"href":"https:\/\/coro.paroquiabaixadabanheira.org\/index.php?rest_route=\/wp\/v2\/users\/3"}],"replies":[{"embeddable":true,"href":"https:\/\/coro.paroquiabaixadabanheira.org\/index.php?rest_route=%2Fwp%2Fv2%2Fcomments&post=2377"}],"version-history":[{"count":4,"href":"https:\/\/coro.paroquiabaixadabanheira.org\/index.php?rest_route=\/wp\/v2\/posts\/2377\/revisions"}],"predecessor-version":[{"id":2382,"href":"https:\/\/coro.paroquiabaixadabanheira.org\/index.php?rest_route=\/wp\/v2\/posts\/2377\/revisions\/2382"}],"wp:attachment":[{"href":"https:\/\/coro.paroquiabaixadabanheira.org\/index.php?rest_route=%2Fwp%2Fv2%2Fmedia&parent=2377"}],"wp:term":[{"taxonomy":"category","embeddable":true,"href":"https:\/\/coro.paroquiabaixadabanheira.org\/index.php?rest_route=%2Fwp%2Fv2%2Fcategories&post=2377"},{"taxonomy":"post_tag","embeddable":true,"href":"https:\/\/coro.paroquiabaixadabanheira.org\/index.php?rest_route=%2Fwp%2Fv2%2Ftags&post=2377"}],"curies":[{"name":"wp","href":"https:\/\/api.w.org\/{rel}","templated":true}]}}