{"id":2394,"date":"2017-05-07T22:33:41","date_gmt":"2017-05-07T22:33:41","guid":{"rendered":"http:\/\/coro.paroquiabaixadabanheira.org\/?p=2394"},"modified":"2017-05-07T22:33:41","modified_gmt":"2017-05-07T22:33:41","slug":"terco-11-de-maio-de-2017-e-ensaio-extra","status":"publish","type":"post","link":"https:\/\/coro.paroquiabaixadabanheira.org\/?p=2394","title":{"rendered":"Ter\u00e7o \u2013 11 de Maio de 2017 e Ensaio Extra"},"content":{"rendered":"<div>Esta 5\u00bafeira, dia 11 de Maio, depois da recita\u00e7\u00e3o do ter\u00e7o temos mais um ensaio extra (+\/- 1 hora)\u00a0para\u00a0ensaiarmos as musicas alusivas ao Centen\u00e1rio\u00a0das Apari\u00e7\u00f5es de F\u00e1tima:<\/p>\n<div>\n<ul>\n<li><a href=\"http:\/\/coro.paroquiabaixadabanheira.org\/reportorio\/maria\/hino.pastorinhos.pdf\">Hino dos Pastorinhos<\/a><\/li>\n<li><a href=\"http:\/\/coro.paroquiabaixadabanheira.org\/reportorio\/maria\/hino.centenario.fatima.pdf\">Mestra do An\u00fancio, Profecia do Amor<\/a><\/li>\n<\/ul>\n<\/div>\n<p>Agrade\u00e7o a vossa disponibilidade.<\/p><\/div>\n<div><\/div>\n<div>\u00a0Ordem das musicas para a recita\u00e7\u00e3o do ter\u00e7o desta quinta-feira, dia\u00a011 de Maio:<\/div>\n<ul>\n<li>Inicio:\u00a0<a href=\"http:\/\/coro.paroquiabaixadabanheira.org\/reportorio\/maria\/bendizemos.o.teu.nome.pdf\">Bendizemos o Teu Nome<\/a>\u00a0(1\u00ba estrofe)<\/li>\n<li>1\u00baMist\u00e9rio:\u00a0<a href=\"http:\/\/coro.paroquiabaixadabanheira.org\/reportorio\/maria\/bendizemos.o.teu.nome.pdf\">Bendizemos o Teu Nome<\/a>\u00a0(3\u00ba estrofe)<\/li>\n<li>2\u00baMist\u00e9rio:\u00a0<a href=\"http:\/\/coro.paroquiabaixadabanheira.org\/reportorio\/maria\/bendizemos.o.teu.nome.pdf\">Bendizemos o Teu Nome<\/a>\u00a0(4\u00ba estrofe)<\/li>\n<li>3\u00baMist\u00e9rio:\u00a0<a href=\"http:\/\/coro.paroquiabaixadabanheira.org\/reportorio\/maria\/sobre.os.bracos.da.azinheira.pdf\">Sobre os Bra\u00e7os da Azinheira<\/a>\u00a0(1\u00ba estrofe)<\/li>\n<li>4\u00baMist\u00e9rio:\u00a0<a href=\"http:\/\/coro.paroquiabaixadabanheira.org\/reportorio\/maria\/sobre.os.bracos.da.azinheira.pdf\">Sobre os Bra\u00e7os da Azinheira<\/a>\u00a0(3\u00ba estrofe)<\/li>\n<li>5\u00baMist\u00e9rio:\u00a0<a href=\"http:\/\/coro.paroquiabaixadabanheira.org\/reportorio\/maria\/sobre.os.bracos.da.azinheira.pdf\">Sobre os Bra\u00e7os da Azinheira<\/a>\u00a0(4\u00ba estrofe)<\/li>\n<li>Final: <a href=\"http:\/\/coro.paroquiabaixadabanheira.org\/reportorio\/maria\/a.treze.de.maio.pdf\">A treze de Maio<\/a>\u00a0(1\u00ba e 4\u00ba estrofe)<\/li>\n<\/ul>\n","protected":false},"excerpt":{"rendered":"<p>Esta 5\u00bafeira, dia 11 de Maio, depois da recita\u00e7\u00e3o do ter\u00e7o temos mais um ensaio extra (+\/- 1 hora)\u00a0para\u00a0ensaiarmos as musicas alusivas ao Centen\u00e1rio\u00a0das Apari\u00e7\u00f5es de F\u00e1tima: Hino dos Pastorinhos Mestra do An\u00fancio, Profecia do Amor Agrade\u00e7o a vossa disponibilidade. &hellip;<\/p>\n<p class=\"read-more\"> <a class=\"more-link\" href=\"https:\/\/coro.paroquiabaixadabanheira.org\/?p=2394\"> <span class=\"screen-reader-text\">Ter\u00e7o \u2013 11 de Maio de 2017 e Ensaio Extra<\/span> Read More &raquo;<\/a><\/p>\n","protected":false},"author":3,"featured_media":0,"comment_status":"open","ping_status":"open","sticky":false,"template":"","format":"standard","meta":{"footnotes":""},"categories":[3],"tags":[],"class_list":["post-2394","post","type-post","status-publish","format-standard","hentry","category-ensaios"],"_links":{"self":[{"href":"https:\/\/coro.paroquiabaixadabanheira.org\/index.php?rest_route=\/wp\/v2\/posts\/2394","targetHints":{"allow":["GET"]}}],"collection":[{"href":"https:\/\/coro.paroquiabaixadabanheira.org\/index.php?rest_route=\/wp\/v2\/posts"}],"about":[{"href":"https:\/\/coro.paroquiabaixadabanheira.org\/index.php?rest_route=\/wp\/v2\/types\/post"}],"author":[{"embeddable":true,"href":"https:\/\/coro.paroquiabaixadabanheira.org\/index.php?rest_route=\/wp\/v2\/users\/3"}],"replies":[{"embeddable":true,"href":"https:\/\/coro.paroquiabaixadabanheira.org\/index.php?rest_route=%2Fwp%2Fv2%2Fcomments&post=2394"}],"version-history":[{"count":1,"href":"https:\/\/coro.paroquiabaixadabanheira.org\/index.php?rest_route=\/wp\/v2\/posts\/2394\/revisions"}],"predecessor-version":[{"id":2395,"href":"https:\/\/coro.paroquiabaixadabanheira.org\/index.php?rest_route=\/wp\/v2\/posts\/2394\/revisions\/2395"}],"wp:attachment":[{"href":"https:\/\/coro.paroquiabaixadabanheira.org\/index.php?rest_route=%2Fwp%2Fv2%2Fmedia&parent=2394"}],"wp:term":[{"taxonomy":"category","embeddable":true,"href":"https:\/\/coro.paroquiabaixadabanheira.org\/index.php?rest_route=%2Fwp%2Fv2%2Fcategories&post=2394"},{"taxonomy":"post_tag","embeddable":true,"href":"https:\/\/coro.paroquiabaixadabanheira.org\/index.php?rest_route=%2Fwp%2Fv2%2Ftags&post=2394"}],"curies":[{"name":"wp","href":"https:\/\/api.w.org\/{rel}","templated":true}]}}