{"id":2405,"date":"2017-05-24T23:12:16","date_gmt":"2017-05-24T23:12:16","guid":{"rendered":"http:\/\/coro.paroquiabaixadabanheira.org\/?p=2405"},"modified":"2017-05-24T23:12:16","modified_gmt":"2017-05-24T23:12:16","slug":"domingo-vii-da-pascoa-4","status":"publish","type":"post","link":"https:\/\/coro.paroquiabaixadabanheira.org\/?p=2405","title":{"rendered":"Domingo VII da P\u00e1scoa"},"content":{"rendered":"<p><strong>C\u00e2nticos para\u00a0o\u00a0VII Domingo\u00a0da\u00a0P\u00e1scoa (Solenidade da Ascens\u00e3o do Senhor)<\/strong><strong>\u2013\u00a0Ano\u00a0A\u00a0(<\/strong><strong><a href=\"http:\/\/www.liturgia.pt\/liturgiadiaria\/dia.php?data=2017-5-28\">liturgia<\/a>)<\/strong><\/p>\n<ul>\n<li>Entrada: <a href=\"http:\/\/coro.paroquiabaixadabanheira.org\/reportorio\/pascoa\/aclamai.jesus.cristo.pdf\">Aclamai Jesus cristo<\/a>\u00a0ou <a href=\"http:\/\/coro.paroquiabaixadabanheira.org\/reportorio\/pentecostes\/o.senhor.nos.dara.o.espirito.pdf\">O Senhor Nos Dar\u00e1 o Esp\u00edrito<\/a><\/li>\n<li>Acto Penitencial: <a href=\"http:\/\/coro.paroquiabaixadabanheira.org\/reportorio\/penitencial\/senhor.tende.piedade.2.pdf\">Senhor, Tende Piedade\u00a0(Tom\u00e1s de Aragues)<\/a><\/li>\n<li>Gl\u00f3ria:\u00a0<a href=\"http:\/\/coro.paroquiabaixadabanheira.org\/reportorio\/gloria\/gloria.2.vozes.pdf\">Gloria 2 Vozes<\/a><\/li>\n<li>Salmo:\u00a046 (47) <a href=\"http:\/\/www.liturgia.pt\/multimedia\/mp3\/SalmosResponsoriais\/033_Pas07AVIIDom-Ergue-seDeus.mp3\"><em>\u201dErgue-Se Deus, o Senhor,\u00a0em j\u00fabilo e ao som da trombeta\u201d<\/em><\/a><\/li>\n<li>Aclama\u00e7\u00e3o ao Evangelho:\u00a0\u00a0<a href=\"http:\/\/coro.paroquiabaixadabanheira.org\/reportorio\/pascoa\/aleluia.pascal.pdf\">Aleluia Pascal<\/a> <strong>\u201cIde e ensinai todos os povos, diz o Senhor: Eu estou sempre<\/strong><strong> convosco at\u00e9 ao fim dos tempos.\u201d<\/strong><\/li>\n<li>Ora\u00e7\u00e3o dos Fi\u00e9is: <a href=\"http:\/\/coro.paroquiabaixadabanheira.org\/reportorio\/aclamacao\/oracao.universal.pdf\">Respostas<\/a><\/li>\n<li>Apresenta\u00e7\u00e3o dos Dons: <a href=\"http:\/\/coro.paroquiabaixadabanheira.org\/reportorio\/gracas\/eu.estou.sempre.convosco.pdf\">Eu estou sempre convosco<\/a><\/li>\n<li>Santo: <a href=\"http:\/\/coro.paroquiabaixadabanheira.org\/reportorio\/santo\/santo.cartageno.pdf\">Santo cartageno<\/a><\/li>\n<li>Cordeiro:\u00a0<a href=\"http:\/\/coro.paroquiabaixadabanheira.org\/reportorio\/cordeiro\/cordeiro.cartageno.pdf\">Cordeiro (A. Cartageno)<\/a>\u00a0ou <a href=\"http:\/\/coro.paroquiabaixadabanheira.org\/reportorio\/cordeiro\/cordeiro.olindo.marques.pdf\">Cordeiro\u00a0(Olindo Marques)<\/a><\/li>\n<li>Comunh\u00e3o: <a href=\"http:\/\/coro.paroquiabaixadabanheira.org\/reportorio\/pentecostes\/homens.da.galileia.pdf\">Homens da Galileia<\/a><\/li>\n<li>Ac\u00e7\u00e3o de Gra\u00e7as: <a href=\"http:\/\/coro.paroquiabaixadabanheira.org\/reportorio\/maria\/hino.centenario.fatima.pdf\">Mestra do An\u00fancio, Profecia do Amor<\/a><\/li>\n<li>Final: <a href=\"http:\/\/coro.paroquiabaixadabanheira.org\/reportorio\/final\/ide.e.ensinai.pdf\">Ide e Ensinai <\/a><\/li>\n<\/ul>\n","protected":false},"excerpt":{"rendered":"<p>C\u00e2nticos para\u00a0o\u00a0VII Domingo\u00a0da\u00a0P\u00e1scoa (Solenidade da Ascens\u00e3o do Senhor)\u2013\u00a0Ano\u00a0A\u00a0(liturgia) Entrada: Aclamai Jesus cristo\u00a0ou O Senhor Nos Dar\u00e1 o Esp\u00edrito Acto Penitencial: Senhor, Tende Piedade\u00a0(Tom\u00e1s de Aragues) Gl\u00f3ria:\u00a0Gloria 2 Vozes Salmo:\u00a046 (47) \u201dErgue-Se Deus, o Senhor,\u00a0em j\u00fabilo e ao som da trombeta\u201d &hellip;<\/p>\n<p class=\"read-more\"> <a class=\"more-link\" href=\"https:\/\/coro.paroquiabaixadabanheira.org\/?p=2405\"> <span class=\"screen-reader-text\">Domingo VII da P\u00e1scoa<\/span> Read More &raquo;<\/a><\/p>\n","protected":false},"author":3,"featured_media":0,"comment_status":"open","ping_status":"open","sticky":false,"template":"","format":"standard","meta":{"footnotes":""},"categories":[3],"tags":[],"class_list":["post-2405","post","type-post","status-publish","format-standard","hentry","category-ensaios"],"_links":{"self":[{"href":"https:\/\/coro.paroquiabaixadabanheira.org\/index.php?rest_route=\/wp\/v2\/posts\/2405","targetHints":{"allow":["GET"]}}],"collection":[{"href":"https:\/\/coro.paroquiabaixadabanheira.org\/index.php?rest_route=\/wp\/v2\/posts"}],"about":[{"href":"https:\/\/coro.paroquiabaixadabanheira.org\/index.php?rest_route=\/wp\/v2\/types\/post"}],"author":[{"embeddable":true,"href":"https:\/\/coro.paroquiabaixadabanheira.org\/index.php?rest_route=\/wp\/v2\/users\/3"}],"replies":[{"embeddable":true,"href":"https:\/\/coro.paroquiabaixadabanheira.org\/index.php?rest_route=%2Fwp%2Fv2%2Fcomments&post=2405"}],"version-history":[{"count":3,"href":"https:\/\/coro.paroquiabaixadabanheira.org\/index.php?rest_route=\/wp\/v2\/posts\/2405\/revisions"}],"predecessor-version":[{"id":2412,"href":"https:\/\/coro.paroquiabaixadabanheira.org\/index.php?rest_route=\/wp\/v2\/posts\/2405\/revisions\/2412"}],"wp:attachment":[{"href":"https:\/\/coro.paroquiabaixadabanheira.org\/index.php?rest_route=%2Fwp%2Fv2%2Fmedia&parent=2405"}],"wp:term":[{"taxonomy":"category","embeddable":true,"href":"https:\/\/coro.paroquiabaixadabanheira.org\/index.php?rest_route=%2Fwp%2Fv2%2Fcategories&post=2405"},{"taxonomy":"post_tag","embeddable":true,"href":"https:\/\/coro.paroquiabaixadabanheira.org\/index.php?rest_route=%2Fwp%2Fv2%2Ftags&post=2405"}],"curies":[{"name":"wp","href":"https:\/\/api.w.org\/{rel}","templated":true}]}}