{"id":2408,"date":"2017-05-24T23:09:05","date_gmt":"2017-05-24T23:09:05","guid":{"rendered":"http:\/\/coro.paroquiabaixadabanheira.org\/?p=2408"},"modified":"2017-05-24T23:13:06","modified_gmt":"2017-05-24T23:13:06","slug":"procissao-de-velas-nossa-senhora-de-fatima-3","status":"publish","type":"post","link":"https:\/\/coro.paroquiabaixadabanheira.org\/?p=2408","title":{"rendered":"Prociss\u00e3o de Velas \u2013 Nossa Senhora de F\u00e1tima"},"content":{"rendered":"<p>No dia 27 de Maio pelas 21h30 ir\u00e1 realizar-se a prociss\u00e3o de velas. Somos todos\u00a0convidados a cantar.<\/p>\n<p>O ensaio\u00a0para a prociss\u00e3o de velas, ser\u00e1 na <strong>Sexta-Feira,\u00a0dia 26 de Maio<\/strong>, a seguir ao ensaio para\u00a0a\u00a0Eucaristia do\u00a0VII Domingo do P\u00e1scoa.<\/p>\n<p>C\u00e2nticos para a prociss\u00e3o das velas no dia\u00a027 de Maio.<\/p>\n<ul>\n<li>Inicio: <a href=\"http:\/\/coro.paroquiabaixadabanheira.org\/reportorio\/maria\/hino.centenario.fatima.pdf\">Mestra do An\u00fancio, Profecia do Amor<\/a><\/li>\n<li>Ter\u00e7o cantado (1\u00ba, 3\u00ba e 5\u00ba mist\u00e9rio): <a href=\"http:\/\/coro.paroquiabaixadabanheira.org\/reportorio\/maria\/ave.maria.terco.pdf\">Ave Maria e Gloria<\/a><\/li>\n<li>1\u00ba Mist\u00e9rio: <a href=\"http:\/\/coro.paroquiabaixadabanheira.org\/reportorio\/maria\/hino.pastorinhos.pdf\">Hino dos Pastorinhos<\/a>\u00a0estrofes: 1, 2,<\/li>\n<li>2\u00ba Mist\u00e9rio: <a href=\"http:\/\/coro.paroquiabaixadabanheira.org\/reportorio\/maria\/hino.pastorinhos.pdf\">Hino dos Pastorinhos<\/a>\u00a0estrofes: 5, 9,<\/li>\n<li>3\u00ba Mist\u00e9rio:\u00a0<a href=\"http:\/\/coro.paroquiabaixadabanheira.org\/reportorio\/maria\/a.treze.de.maio.pdf\">A treze de Maio<\/a>\u00a0estrofes: 1, 2,<\/li>\n<li>4\u00ba Mist\u00e9rio: <a href=\"http:\/\/coro.paroquiabaixadabanheira.org\/reportorio\/maria\/a.treze.de.maio.pdf\">A treze de Maio<\/a>\u00a0estrofes:\u00a04, 5, 12<\/li>\n<li>5\u00ba Mist\u00e9rio: <a href=\"http:\/\/coro.paroquiabaixadabanheira.org\/reportorio\/maria\/senhora.nos.vos.louvamos2.pdf\">Senhora, N\u00f3s Vos Louvamos<\/a><\/li>\n<li>Entrega das Flores: <a href=\"http:\/\/coro.paroquiabaixadabanheira.org\/reportorio\/maria\/hino.centenario.fatima.pdf\">Mestra do An\u00fancio, Profecia do Amor<\/a><\/li>\n<li>Entrega das Flores:\u00a0<a href=\"http:\/\/coro.paroquiabaixadabanheira.org\/reportorio\/maria\/bendizemos.o.teu.nome.pdf\">Bendizemos o Teu Nome<\/a><\/li>\n<li>Final: <a href=\"http:\/\/coro.paroquiabaixadabanheira.org\/reportorio\/maria\/o.virgem.do.rosario.pdf\">\u00d3 Virgem do Ros\u00e1rio<\/a><\/li>\n<\/ul>\n<p>Suplentes:<\/p>\n<ul>\n<li><a href=\"http:\/\/coro.paroquiabaixadabanheira.org\/reportorio\/maria\/tu.es.a.gloria.de.jerusalem.pdf\">Tu \u00e9s a gloria de Jerusal\u00e9m<\/a><\/li>\n<li><a href=\"http:\/\/coro.paroquiabaixadabanheira.org\/reportorio\/maria\/senhora.um.dia.descestes2.pdf\">Senhora um dia descestes<\/a><\/li>\n<li><a href=\"http:\/\/coro.paroquiabaixadabanheira.org\/reportorio\/maria\/bendizemos.o.teu.nome.pdf\">Bendizemos o Teu Nome<\/a><\/li>\n<li><a href=\"http:\/\/coro.paroquiabaixadabanheira.org\/reportorio\/maria\/sobre.os.bracos.da.azinheira.pdf\">Sobre os Bra\u00e7os da Azinheira<\/a><\/li>\n<\/ul>\n","protected":false},"excerpt":{"rendered":"<p>No dia 27 de Maio pelas 21h30 ir\u00e1 realizar-se a prociss\u00e3o de velas. Somos todos\u00a0convidados a cantar. O ensaio\u00a0para a prociss\u00e3o de velas, ser\u00e1 na Sexta-Feira,\u00a0dia 26 de Maio, a seguir ao ensaio para\u00a0a\u00a0Eucaristia do\u00a0VII Domingo do P\u00e1scoa. C\u00e2nticos para &hellip;<\/p>\n<p class=\"read-more\"> <a class=\"more-link\" href=\"https:\/\/coro.paroquiabaixadabanheira.org\/?p=2408\"> <span class=\"screen-reader-text\">Prociss\u00e3o de Velas \u2013 Nossa Senhora de F\u00e1tima<\/span> Read More &raquo;<\/a><\/p>\n","protected":false},"author":3,"featured_media":0,"comment_status":"open","ping_status":"open","sticky":false,"template":"","format":"standard","meta":{"footnotes":""},"categories":[3],"tags":[],"class_list":["post-2408","post","type-post","status-publish","format-standard","hentry","category-ensaios"],"_links":{"self":[{"href":"https:\/\/coro.paroquiabaixadabanheira.org\/index.php?rest_route=\/wp\/v2\/posts\/2408","targetHints":{"allow":["GET"]}}],"collection":[{"href":"https:\/\/coro.paroquiabaixadabanheira.org\/index.php?rest_route=\/wp\/v2\/posts"}],"about":[{"href":"https:\/\/coro.paroquiabaixadabanheira.org\/index.php?rest_route=\/wp\/v2\/types\/post"}],"author":[{"embeddable":true,"href":"https:\/\/coro.paroquiabaixadabanheira.org\/index.php?rest_route=\/wp\/v2\/users\/3"}],"replies":[{"embeddable":true,"href":"https:\/\/coro.paroquiabaixadabanheira.org\/index.php?rest_route=%2Fwp%2Fv2%2Fcomments&post=2408"}],"version-history":[{"count":4,"href":"https:\/\/coro.paroquiabaixadabanheira.org\/index.php?rest_route=\/wp\/v2\/posts\/2408\/revisions"}],"predecessor-version":[{"id":2413,"href":"https:\/\/coro.paroquiabaixadabanheira.org\/index.php?rest_route=\/wp\/v2\/posts\/2408\/revisions\/2413"}],"wp:attachment":[{"href":"https:\/\/coro.paroquiabaixadabanheira.org\/index.php?rest_route=%2Fwp%2Fv2%2Fmedia&parent=2408"}],"wp:term":[{"taxonomy":"category","embeddable":true,"href":"https:\/\/coro.paroquiabaixadabanheira.org\/index.php?rest_route=%2Fwp%2Fv2%2Fcategories&post=2408"},{"taxonomy":"post_tag","embeddable":true,"href":"https:\/\/coro.paroquiabaixadabanheira.org\/index.php?rest_route=%2Fwp%2Fv2%2Ftags&post=2408"}],"curies":[{"name":"wp","href":"https:\/\/api.w.org\/{rel}","templated":true}]}}