{"id":2414,"date":"2017-05-31T23:46:02","date_gmt":"2017-05-31T23:46:02","guid":{"rendered":"http:\/\/coro.paroquiabaixadabanheira.org\/?p=2414"},"modified":"2017-05-31T23:46:02","modified_gmt":"2017-05-31T23:46:02","slug":"domingo-de-pentecostes-6","status":"publish","type":"post","link":"https:\/\/coro.paroquiabaixadabanheira.org\/?p=2414","title":{"rendered":"Domingo de Pentecostes"},"content":{"rendered":"<p><em>No dia de Pentecostes, o dom do Esp\u00edrito inaugura um tempo novo \u2013 o tempo durante o qual Cristo torna presente e comunica a Sua obra de salva\u00e7\u00e3o, pela liturgia da Igreja, \u00abat\u00e9 que Ele volte\u00bb (cf. 1 Cor 11,26). <\/em><\/p>\n<p>Fomos convidados a participar na Vig\u00edlia de Pentecostes, dia 03 de Junho (s\u00e1bado) as 21h00. Agrade\u00e7o a vossa disponibilidade.<\/p>\n<p>Coloco as musicas para a eucaristia dominical e para a Vig\u00edlia. O ensaio ser\u00e1 no sal\u00e3o\u00a0e\u00a0ir\u00e1 prolongar-se mais um pouco.<\/p>\n<p><strong>C\u00e2nticos para\u00a0o\u00a0Domingo\u00a0de\u00a0Pentecostes <\/strong><strong>\u2013\u00a0Ano\u00a0A\u00a0(<\/strong><strong><a href=\"http:\/\/www.liturgia.pt\/liturgiadiaria\/dia.php?data=2017-6-4\">liturgia<\/a>)<\/strong><\/p>\n<ul>\n<li>Entrada:\u00a0<a href=\"http:\/\/coro.paroquiabaixadabanheira.org\/reportorio\/pentecostes\/espirito.do.senhor.pdf\">O Espirito do Senhor encheu a terra<\/a>\u00a0ou <a href=\"http:\/\/coro.paroquiabaixadabanheira.org\/reportorio\/pentecostes\/o.senhor.nos.dara.o.espirito.pdf\">O Senhor Nos Dar\u00e1 o Esp\u00edrito<\/a><\/li>\n<li>Acto Penitencial: <a href=\"http:\/\/coro.paroquiabaixadabanheira.org\/reportorio\/penitencial\/senhor.tende.piedade.2.pdf\">Senhor, Tende Piedade\u00a0(Tom\u00e1s de Aragues)<\/a><\/li>\n<li>Gl\u00f3ria:\u00a0<a href=\"http:\/\/coro.paroquiabaixadabanheira.org\/reportorio\/gloria\/gloria.2.vozes.pdf\">Gloria 2 Vozes<\/a><\/li>\n<li>Salmo:\u00a0103 (104) <a href=\"http:\/\/www.liturgia.pt\/multimedia\/mp3\/SalmosResponsoriais\/034_Pas09APentecostes-MandaiSenhor.mp3\"><em>\u201dMandai, Senhor o vosso espirito, e renovai a terra\u201d<\/em><\/a><\/li>\n<li>Aclama\u00e7\u00e3o ao Evangelho:\u00a0\u00a0<a href=\"http:\/\/coro.paroquiabaixadabanheira.org\/reportorio\/pascoa\/aleluia.pascal.pdf\">Aleluia Pascal<\/a> \u00a0<strong>\u201cVinde, Espirito Santo, enchei os cora\u00e7\u00f5es dos vossos fi\u00e9is e acendei neles o fogo do vosso amor.\u201d<\/strong><\/li>\n<li>Ora\u00e7\u00e3o dos Fi\u00e9is: <a href=\"http:\/\/coro.paroquiabaixadabanheira.org\/reportorio\/aclamacao\/oracao.universal.pdf\">Respostas<\/a><\/li>\n<li>Apresenta\u00e7\u00e3o dos Dons: <a href=\"http:\/\/coro.paroquiabaixadabanheira.org\/reportorio\/pentecostes\/enviai.sobre.nos.senhor.pdf\">Enviai sobre n\u00f3s, Senhor<\/a><\/li>\n<li>Santo: <a href=\"http:\/\/coro.paroquiabaixadabanheira.org\/reportorio\/santo\/santo.cartageno.pdf\">Santo cartageno<\/a><\/li>\n<li>Cordeiro:\u00a0<a href=\"http:\/\/coro.paroquiabaixadabanheira.org\/reportorio\/cordeiro\/cordeiro.olindo.marques.pdf\">Cordeiro\u00a0(Olindo Marques)<\/a><\/li>\n<li>Comunh\u00e3o: <a href=\"http:\/\/coro.paroquiabaixadabanheira.org\/reportorio\/pentecostes\/lo.spirito.del.signore.pdf\">Lo Spirito del Signore<\/a><\/li>\n<li>Ac\u00e7\u00e3o de Gra\u00e7as: <a href=\"http:\/\/coro.paroquiabaixadabanheira.org\/reportorio\/maria\/senhora.um.dia.descestes2.pdf\">Senhora um dia descestes<\/a>\u00a0ou <a href=\"http:\/\/coro.paroquiabaixadabanheira.org\/reportorio\/pentecostes\/espirito.de.amor.pdf\">Esp\u00edrito de Amor<\/a><\/li>\n<li>Final: <a href=\"http:\/\/coro.paroquiabaixadabanheira.org\/reportorio\/pentecostes\/cristo.precisa.de.ti.pdf\">Cristo Precisa de Ti<\/a><\/li>\n<\/ul>\n<p><strong>C\u00e2nticos para\u00a0o\u00a0Vig\u00edlia\u00a0de\u00a0Pentecostes<\/strong><\/p>\n<ul>\n<li>Entrada: <a href=\"http:\/\/coro.paroquiabaixadabanheira.org\/reportorio\/pentecostes\/enviai.sobre.nos.senhor.pdf\">Enviai sobre n\u00f3s, Senhor<\/a><\/li>\n<li>Espelho: <a href=\"http:\/\/coro.paroquiabaixadabanheira.org\/reportorio\/diversos\/senhor.fazeime.instrumento.pdf\">Senhor, Fazei-me Instrumento<\/a><\/li>\n<li>Espelho: <a href=\"http:\/\/coro.paroquiabaixadabanheira.org\/reportorio\/diversos\/senhor.jesus.pdf\">Senhor Jesus<\/a><\/li>\n<li>Espelho: <a href=\"http:\/\/coro.paroquiabaixadabanheira.org\/reportorio\/gracas\/es.a.minha.vida.pdf\">\u00c9s a Minha Vida<\/a><\/li>\n<li>Espelho: <a href=\"http:\/\/coro.paroquiabaixadabanheira.org\/reportorio\/diversos\/eu.sou.teu.pdf\">Eu Sou Teu<\/a><\/li>\n<li>Espelho: <a href=\"http:\/\/coro.paroquiabaixadabanheira.org\/reportorio\/ofertorio\/oracao.santo.inacio.pdf\">Ora\u00e7\u00e3o de Santo In\u00e1cio<\/a><\/li>\n<li>Proclama\u00e7\u00e3o do Pentecostes: <a href=\"http:\/\/coro.paroquiabaixadabanheira.org\/reportorio\/pentecostes\/gloria.ao.pai.que.nos.criou.pdf\">Gloria ao pai que nos criou<\/a>\u00a0(s\u00f3 o refr\u00e3o)<\/li>\n<li>Proclama\u00e7\u00e3o dos dons do Espirito: <a href=\"http:\/\/coro.paroquiabaixadabanheira.org\/reportorio\/pentecostes\/da.nos.senhor.o.teu.espirito.pdf\">D\u00e1-nos Senhor o teu\u00a0espirito<\/a>\u00a0(s\u00f3 o refr\u00e3o) ou <a href=\"http:\/\/coro.paroquiabaixadabanheira.org\/reportorio\/pentecostes\/espirito.do.senhor.pdf\">O Espirito do Senhor encheu a terra<\/a><\/li>\n<li>Aclama\u00e7\u00e3o ao Evangelho:\u00a0\u00a0<a href=\"http:\/\/coro.paroquiabaixadabanheira.org\/reportorio\/pascoa\/aleluia.pascal.pdf\">Aleluia Pascal<\/a> \u00a0ou <a href=\"http:\/\/coro.paroquiabaixadabanheira.org\/reportorio\/aclama\/aleluia.james.chepponis.pdf\">Aleluia (James Chepponis)<\/a>\u00a0<strong>\u201cVinde, Espirito Santo, enchei os cora\u00e7\u00f5es dos vossos fi\u00e9is e acendei neles o fogo do vosso amor.\u201d<\/strong><\/li>\n<li>Ora\u00e7\u00e3o dos Fi\u00e9is: <a href=\"http:\/\/coro.paroquiabaixadabanheira.org\/reportorio\/aclamacao\/oracao.universal.pdf\">Respostas<\/a><\/li>\n<li>Pai Nosso: <a href=\"http:\/\/coro.paroquiabaixadabanheira.org\/reportorio\/painosso\/pai.nosso.pdf\">Pai Nosso J. Rocha Monteiro<\/a><\/li>\n<li>Final: <a href=\"http:\/\/coro.paroquiabaixadabanheira.org\/reportorio\/pentecostes\/lo.spirito.del.signore.pdf\">Lo Spirito del Signore<\/a><\/li>\n<\/ul>\n","protected":false},"excerpt":{"rendered":"<p>No dia de Pentecostes, o dom do Esp\u00edrito inaugura um tempo novo \u2013 o tempo durante o qual Cristo torna presente e comunica a Sua obra de salva\u00e7\u00e3o, pela liturgia da Igreja, \u00abat\u00e9 que Ele volte\u00bb (cf. 1 Cor 11,26). &hellip;<\/p>\n<p class=\"read-more\"> <a class=\"more-link\" href=\"https:\/\/coro.paroquiabaixadabanheira.org\/?p=2414\"> <span class=\"screen-reader-text\">Domingo de Pentecostes<\/span> Read More &raquo;<\/a><\/p>\n","protected":false},"author":3,"featured_media":0,"comment_status":"open","ping_status":"open","sticky":false,"template":"","format":"standard","meta":{"footnotes":""},"categories":[3],"tags":[],"class_list":["post-2414","post","type-post","status-publish","format-standard","hentry","category-ensaios"],"_links":{"self":[{"href":"https:\/\/coro.paroquiabaixadabanheira.org\/index.php?rest_route=\/wp\/v2\/posts\/2414","targetHints":{"allow":["GET"]}}],"collection":[{"href":"https:\/\/coro.paroquiabaixadabanheira.org\/index.php?rest_route=\/wp\/v2\/posts"}],"about":[{"href":"https:\/\/coro.paroquiabaixadabanheira.org\/index.php?rest_route=\/wp\/v2\/types\/post"}],"author":[{"embeddable":true,"href":"https:\/\/coro.paroquiabaixadabanheira.org\/index.php?rest_route=\/wp\/v2\/users\/3"}],"replies":[{"embeddable":true,"href":"https:\/\/coro.paroquiabaixadabanheira.org\/index.php?rest_route=%2Fwp%2Fv2%2Fcomments&post=2414"}],"version-history":[{"count":4,"href":"https:\/\/coro.paroquiabaixadabanheira.org\/index.php?rest_route=\/wp\/v2\/posts\/2414\/revisions"}],"predecessor-version":[{"id":2418,"href":"https:\/\/coro.paroquiabaixadabanheira.org\/index.php?rest_route=\/wp\/v2\/posts\/2414\/revisions\/2418"}],"wp:attachment":[{"href":"https:\/\/coro.paroquiabaixadabanheira.org\/index.php?rest_route=%2Fwp%2Fv2%2Fmedia&parent=2414"}],"wp:term":[{"taxonomy":"category","embeddable":true,"href":"https:\/\/coro.paroquiabaixadabanheira.org\/index.php?rest_route=%2Fwp%2Fv2%2Fcategories&post=2414"},{"taxonomy":"post_tag","embeddable":true,"href":"https:\/\/coro.paroquiabaixadabanheira.org\/index.php?rest_route=%2Fwp%2Fv2%2Ftags&post=2414"}],"curies":[{"name":"wp","href":"https:\/\/api.w.org\/{rel}","templated":true}]}}