{"id":2433,"date":"2017-06-25T00:40:00","date_gmt":"2017-06-25T00:40:00","guid":{"rendered":"http:\/\/coro.paroquiabaixadabanheira.org\/?p=2433"},"modified":"2017-06-25T00:40:26","modified_gmt":"2017-06-25T00:40:26","slug":"ensaio-extra-para-a-solenidade-s-jose-esposo-da-virgem-santa-maria","status":"publish","type":"post","link":"https:\/\/coro.paroquiabaixadabanheira.org\/?p=2433","title":{"rendered":"Ensaio Extra para a Solenidade S. Jos\u00e9, Esposo da Virgem Santa Maria"},"content":{"rendered":"<p>De modo a prepararmos melhor os\u00a0c\u00e2nticos\u00a0para a festa de\u00a0S\u00e3o\u00a0Jos\u00e9 Oper\u00e1rio (Padroeiro da Baixa da Banheira)\u00a0ficou agendado\u00a0um ensaio para esta 2\u00bafeira, dia \u00a026 de Junho.<\/p>\n<p>Trazer as seguintes m\u00fasicas:<\/p>\n<ul>\n<li><a href=\"http:\/\/coro.paroquiabaixadabanheira.org\/reportorio\/diversos\/eis.o.servo.fiel.e.diligente.pdf\">Eis o servo fiel e diligente<\/a><\/li>\n<li><a href=\"http:\/\/coro.paroquiabaixadabanheira.org\/reportorio\/diversos\/o.famintos.do.pao.divino.pdf\">\u00d3 famintos do p\u00e3o divino<\/a><\/li>\n<li><a href=\"http:\/\/coro.paroquiabaixadabanheira.org\/reportorio\/final\/hino.sao.jose.2.pdf\">Hino de\u00a0 S. Jos\u00e9<\/a>\u00a0 <strong>(Aten\u00e7\u00e3o \u2013 novas estrofes )<\/strong><\/li>\n<li><a href=\"http:\/\/coro.paroquiabaixadabanheira.org\/reportorio\/diversos\/sao.jose.amparo.e.guia.pdf\">S\u00e3o Jos\u00e9, amparo e guia<\/a><\/li>\n<li><a href=\"http:\/\/coro.paroquiabaixadabanheira.org\/reportorio\/diversos\/meu.deus.eu.creio.pdf\">Meu Deus eu creio<\/a><\/li>\n<li><a href=\"http:\/\/coro.paroquiabaixadabanheira.org\/reportorio\/quaresma\/pange.lingua.pdf\">Pange Lingua<\/a><\/li>\n<li><a href=\"http:\/\/coro.paroquiabaixadabanheira.org\/reportorio\/aclamacao\/vesperas.sao.jose.operario.pdf\">Ora\u00e7\u00e3o das V\u00e9speras de S\u00e3o Jos\u00e9 Oper\u00e1rio<\/a><\/li>\n<\/ul>\n","protected":false},"excerpt":{"rendered":"<p>De modo a prepararmos melhor os\u00a0c\u00e2nticos\u00a0para a festa de\u00a0S\u00e3o\u00a0Jos\u00e9 Oper\u00e1rio (Padroeiro da Baixa da Banheira)\u00a0ficou agendado\u00a0um ensaio para esta 2\u00bafeira, dia \u00a026 de Junho. Trazer as seguintes m\u00fasicas: Eis o servo fiel e diligente \u00d3 famintos do p\u00e3o divino Hino &hellip;<\/p>\n<p class=\"read-more\"> <a class=\"more-link\" href=\"https:\/\/coro.paroquiabaixadabanheira.org\/?p=2433\"> <span class=\"screen-reader-text\">Ensaio Extra para a Solenidade S. Jos\u00e9, Esposo da Virgem Santa Maria<\/span> Read More &raquo;<\/a><\/p>\n","protected":false},"author":3,"featured_media":0,"comment_status":"open","ping_status":"open","sticky":false,"template":"","format":"standard","meta":{"footnotes":""},"categories":[3],"tags":[],"class_list":["post-2433","post","type-post","status-publish","format-standard","hentry","category-ensaios"],"_links":{"self":[{"href":"https:\/\/coro.paroquiabaixadabanheira.org\/index.php?rest_route=\/wp\/v2\/posts\/2433","targetHints":{"allow":["GET"]}}],"collection":[{"href":"https:\/\/coro.paroquiabaixadabanheira.org\/index.php?rest_route=\/wp\/v2\/posts"}],"about":[{"href":"https:\/\/coro.paroquiabaixadabanheira.org\/index.php?rest_route=\/wp\/v2\/types\/post"}],"author":[{"embeddable":true,"href":"https:\/\/coro.paroquiabaixadabanheira.org\/index.php?rest_route=\/wp\/v2\/users\/3"}],"replies":[{"embeddable":true,"href":"https:\/\/coro.paroquiabaixadabanheira.org\/index.php?rest_route=%2Fwp%2Fv2%2Fcomments&post=2433"}],"version-history":[{"count":2,"href":"https:\/\/coro.paroquiabaixadabanheira.org\/index.php?rest_route=\/wp\/v2\/posts\/2433\/revisions"}],"predecessor-version":[{"id":2435,"href":"https:\/\/coro.paroquiabaixadabanheira.org\/index.php?rest_route=\/wp\/v2\/posts\/2433\/revisions\/2435"}],"wp:attachment":[{"href":"https:\/\/coro.paroquiabaixadabanheira.org\/index.php?rest_route=%2Fwp%2Fv2%2Fmedia&parent=2433"}],"wp:term":[{"taxonomy":"category","embeddable":true,"href":"https:\/\/coro.paroquiabaixadabanheira.org\/index.php?rest_route=%2Fwp%2Fv2%2Fcategories&post=2433"},{"taxonomy":"post_tag","embeddable":true,"href":"https:\/\/coro.paroquiabaixadabanheira.org\/index.php?rest_route=%2Fwp%2Fv2%2Ftags&post=2433"}],"curies":[{"name":"wp","href":"https:\/\/api.w.org\/{rel}","templated":true}]}}