{"id":2440,"date":"2017-07-06T00:20:51","date_gmt":"2017-07-06T00:20:51","guid":{"rendered":"http:\/\/coro.paroquiabaixadabanheira.org\/?p=2440"},"modified":"2017-07-06T00:20:51","modified_gmt":"2017-07-06T00:20:51","slug":"solenidade-s-jose-esposo-da-virgem-santa-maria-2","status":"publish","type":"post","link":"https:\/\/coro.paroquiabaixadabanheira.org\/?p=2440","title":{"rendered":"Solenidade S. Jos\u00e9, Esposo da Virgem Santa Maria"},"content":{"rendered":"<p><strong>C\u00e2nticos para\u00a0a\u00a0Missa Solene\u00a0em Honra do Padroeiro da Par\u00f3quia da Baixa da Banheira \u2013 S. Jos\u00e9 Oper\u00e1rio\u00a0(<\/strong><a href=\"http:\/\/www.liturgia.pt\/santos\/santo_v.php?cod_santo=48\"><strong>liturgia<\/strong><strong>)<\/strong><\/a><\/p>\n<ul>\n<li>Entrada: <a href=\"http:\/\/coro.paroquiabaixadabanheira.org\/reportorio\/diversos\/eis.o.servo.fiel.e.diligente.pdf\">Eis o servo fiel e diligente<\/a><\/li>\n<li>Acto Penitencial:\u00a0<a href=\"http:\/\/coro.paroquiabaixadabanheira.org\/reportorio\/penitencial\/senhor.tende.piedade.3.pdf\">Senhor, Tende Piedade<\/a>\u00a0(M. Alentejana)<\/li>\n<li>Gl\u00f3ria: <a href=\"http:\/\/coro.paroquiabaixadabanheira.org\/reportorio\/gloria\/gloria.2.vozes.pdf\">Gloria 2 Vozes<\/a><\/li>\n<li>Salmo: 88(89) <a href=\"http:\/\/www.liturgia.pt\/multimedia\/mp3\/SalmosResponsoriais\/218_St_SJose_A_sua_descendencia.mp3\"><em>\u201dA sua descend\u00eancia permanecer\u00e1 eternamente<\/em><em>\u201d<\/em><\/a><\/li>\n<li>Aclama\u00e7\u00e3o ao Evangelho:\u00a0\u00a0<a href=\"http:\/\/coro.paroquiabaixadabanheira.org\/reportorio\/aclama\/aleluia.carlos.silva1.pdf\">Aleluia (Carlos Silva)<\/a>\u00a0 <strong>\u201cFelizes os que habitam na vossa casa, Senhor: eles Vos louvar\u00e3o pelos tempos sem fim.\u201d<\/strong><\/li>\n<li>Ora\u00e7\u00e3o dos Fi\u00e9is: resposta igual a da ora\u00e7\u00e3o das V\u00e9speras<\/li>\n<li>Apresenta\u00e7\u00e3o dos Dons: <a href=\"http:\/\/coro.paroquiabaixadabanheira.org\/reportorio\/ofertorio\/saber.que.viras.pdf\">Saber Que Vir\u00e1s<\/a><\/li>\n<li>Santo: <a href=\"http:\/\/coro.paroquiabaixadabanheira.org\/reportorio\/santo\/santo.j.paulo.abreu.pdf\">Santo\u00a0(Jos\u00e9 Abreu)<\/a><\/li>\n<li>Cordeiro:\u00a0<a href=\"http:\/\/coro.paroquiabaixadabanheira.org\/reportorio\/cordeiro\/cordeiro.aragues.pdf\">Cordeiro (Aragues)<\/a><\/li>\n<li>Comunh\u00e3o: <a href=\"http:\/\/coro.paroquiabaixadabanheira.org\/reportorio\/diversos\/o.famintos.do.pao.divino.pdf\">\u00d3 famintos do p\u00e3o divino<\/a><\/li>\n<li>Ac\u00e7\u00e3o de Gra\u00e7as: <a href=\"http:\/\/coro.paroquiabaixadabanheira.org\/reportorio\/diversos\/sao.jose.amparo.e.guia.pdf\">S\u00e3o Jos\u00e9, amparo e guia<\/a>\u00a0ou\u00a0 <a href=\"http:\/\/coro.paroquiabaixadabanheira.org\/reportorio\/diversos\/cuida.de.mim.senhor.pdf\">Cuida de Mim Senhor<\/a><\/li>\n<li>Final: <a href=\"http:\/\/coro.paroquiabaixadabanheira.org\/reportorio\/final\/hino.sao.jose.2.pdf\">Hino de\u00a0 S. Jos\u00e9<\/a>\u00a0 <strong>(Aten\u00e7\u00e3o \u2013 novas estrofes )<\/strong><\/li>\n<\/ul>\n<p><strong>C\u00e2nticos para\u00a0a\u00a0ora\u00e7\u00e3o das V\u00e9speras\u00a0em Honra de S. Jos\u00e9 Oper\u00e1rio<\/strong><\/p>\n<p>A ora\u00e7\u00e3o das V\u00e9speras ser\u00e1 dia\u00a009 de Julho, domingo, \u00e1s 17 horas.<\/p>\n<ul>\n<li><a href=\"http:\/\/coro.paroquiabaixadabanheira.org\/reportorio\/diversos\/meu.deus.eu.creio.pdf\">Meu Deus eu creio<\/a><\/li>\n<li><a href=\"http:\/\/coro.paroquiabaixadabanheira.org\/reportorio\/final\/hino.sao.jose.2.pdf\">Hino de\u00a0 S. Jos\u00e9<\/a>\u00a0 <strong>(Aten\u00e7\u00e3o \u2013 novas estrofes )<\/strong><\/li>\n<li><a href=\"http:\/\/coro.paroquiabaixadabanheira.org\/reportorio\/aclamacao\/vesperas.sao.jose.operario.pdf\">Ora\u00e7\u00e3o das V\u00e9speras de S\u00e3o Jos\u00e9 Oper\u00e1rio<\/a><\/li>\n<\/ul>\n","protected":false},"excerpt":{"rendered":"<p>C\u00e2nticos para\u00a0a\u00a0Missa Solene\u00a0em Honra do Padroeiro da Par\u00f3quia da Baixa da Banheira \u2013 S. Jos\u00e9 Oper\u00e1rio\u00a0(liturgia) Entrada: Eis o servo fiel e diligente Acto Penitencial:\u00a0Senhor, Tende Piedade\u00a0(M. Alentejana) Gl\u00f3ria: Gloria 2 Vozes Salmo: 88(89) \u201dA sua descend\u00eancia permanecer\u00e1 eternamente\u201d Aclama\u00e7\u00e3o &hellip;<\/p>\n<p class=\"read-more\"> <a class=\"more-link\" href=\"https:\/\/coro.paroquiabaixadabanheira.org\/?p=2440\"> <span class=\"screen-reader-text\">Solenidade S. Jos\u00e9, Esposo da Virgem Santa Maria<\/span> Read More &raquo;<\/a><\/p>\n","protected":false},"author":3,"featured_media":0,"comment_status":"open","ping_status":"open","sticky":false,"template":"","format":"standard","meta":{"footnotes":""},"categories":[3],"tags":[],"class_list":["post-2440","post","type-post","status-publish","format-standard","hentry","category-ensaios"],"_links":{"self":[{"href":"https:\/\/coro.paroquiabaixadabanheira.org\/index.php?rest_route=\/wp\/v2\/posts\/2440","targetHints":{"allow":["GET"]}}],"collection":[{"href":"https:\/\/coro.paroquiabaixadabanheira.org\/index.php?rest_route=\/wp\/v2\/posts"}],"about":[{"href":"https:\/\/coro.paroquiabaixadabanheira.org\/index.php?rest_route=\/wp\/v2\/types\/post"}],"author":[{"embeddable":true,"href":"https:\/\/coro.paroquiabaixadabanheira.org\/index.php?rest_route=\/wp\/v2\/users\/3"}],"replies":[{"embeddable":true,"href":"https:\/\/coro.paroquiabaixadabanheira.org\/index.php?rest_route=%2Fwp%2Fv2%2Fcomments&post=2440"}],"version-history":[{"count":1,"href":"https:\/\/coro.paroquiabaixadabanheira.org\/index.php?rest_route=\/wp\/v2\/posts\/2440\/revisions"}],"predecessor-version":[{"id":2441,"href":"https:\/\/coro.paroquiabaixadabanheira.org\/index.php?rest_route=\/wp\/v2\/posts\/2440\/revisions\/2441"}],"wp:attachment":[{"href":"https:\/\/coro.paroquiabaixadabanheira.org\/index.php?rest_route=%2Fwp%2Fv2%2Fmedia&parent=2440"}],"wp:term":[{"taxonomy":"category","embeddable":true,"href":"https:\/\/coro.paroquiabaixadabanheira.org\/index.php?rest_route=%2Fwp%2Fv2%2Fcategories&post=2440"},{"taxonomy":"post_tag","embeddable":true,"href":"https:\/\/coro.paroquiabaixadabanheira.org\/index.php?rest_route=%2Fwp%2Fv2%2Ftags&post=2440"}],"curies":[{"name":"wp","href":"https:\/\/api.w.org\/{rel}","templated":true}]}}