{"id":2464,"date":"2017-09-07T00:35:57","date_gmt":"2017-09-07T00:35:57","guid":{"rendered":"http:\/\/coro.paroquiabaixadabanheira.org\/?p=2464"},"modified":"2017-09-07T00:35:57","modified_gmt":"2017-09-07T00:35:57","slug":"domingo-xxiii-do-tempo-comum-8","status":"publish","type":"post","link":"https:\/\/coro.paroquiabaixadabanheira.org\/?p=2464","title":{"rendered":"Domingo XXIII do Tempo Comum"},"content":{"rendered":"<p><strong>C\u00e2nticos para\u00a0o XXIII Domingo do\u00a0tempo Comum \u2013 Ano\u00a0A<\/strong>\u00a0(<a href=\"http:\/\/www.liturgia.pt\/liturgiadiaria\/dia.php?data=2017-9-10\">Liturgia<\/a>)<\/p>\n<ul>\n<li>Entrada: <a href=\"http:\/\/coro.paroquiabaixadabanheira.org\/reportorio\/entrada\/igreja.reunida.pdf\">Igreja Reunida<\/a><\/li>\n<li>Acto Penitencial:\u00a0<a href=\"http:\/\/coro.paroquiabaixadabanheira.org\/reportorio\/penitencial\/senhor.tende.piedade.3.pdf\">Senhor, Tende Piedade<\/a>\u00a0(M. Alentejana)<\/li>\n<li>Salmo\u00a094 <em>(95)<\/em>\u00a0 <a href=\"http:\/\/www.liturgia.pt\/multimedia\/mp3\/SalmosResponsoriais\/056_TC_A_23Dom-HojeSeEscutardes.mp3\"><em>\u201dHoje se escutares a voz do Senhor, n\u00e3o fecheis os vossos cora\u00e7\u00f5es.\u201d<\/em><\/a><\/li>\n<li>Aclama\u00e7\u00e3o ao Evangelho:\u00a0\u00a0<a href=\"http:\/\/coro.paroquiabaixadabanheira.org\/reportorio\/aclama\/aleluia.pdf\">Aleluia\u00a0(Jos\u00e9 Ant\u00f3nio)<\/a>\u00a0ou <a href=\"http:\/\/coro.paroquiabaixadabanheira.org\/reportorio\/aclama\/aleluia.jesus.e.senhor.pdf\">Aleluia, Jesus \u00e9 Senhor<\/a> <strong>\u201cEm Cristo, Deus reconcilia o mundo consigo e confiou-nos a palavra da reconcilia\u00e7\u00e3o.\u201d <\/strong><\/li>\n<li>Apresenta\u00e7\u00e3o dos Dons: <a href=\"http:\/\/coro.paroquiabaixadabanheira.org\/reportorio\/comunhao\/douvos.um.mandamento.novo.pdf\">Dou-vos um Mandamento Novo<\/a><\/li>\n<li>Santo: <a href=\"http:\/\/coro.paroquiabaixadabanheira.org\/reportorio\/santo\/santo.a.l.webber.pdf\">Santo\u00a0(A. Webber)<\/a>\u00a0ou <a href=\"http:\/\/coro.paroquiabaixadabanheira.org\/reportorio\/santo\/santo.f.silva.pdf\">Santo (F. Silva)<\/a><\/li>\n<li>Cordeiro: <a href=\"http:\/\/coro.paroquiabaixadabanheira.org\/reportorio\/cordeiro\/cordeiro.aragues.pdf\">Cordeiro (Aragues)<\/a><\/li>\n<li>Comunh\u00e3o: <a href=\"http:\/\/coro.paroquiabaixadabanheira.org\/reportorio\/pascoa\/se.vos.amardes.pdf\">Se Vos Amardes<\/a><\/li>\n<li>Ac\u00e7\u00e3o de Gra\u00e7as: <a href=\"http:\/\/coro.paroquiabaixadabanheira.org\/reportorio\/ofertorio\/ubi.caritas.pdf\">Ubi Caritas<\/a><\/li>\n<li>Final:\u00a0<a href=\"http:\/\/coro.paroquiabaixadabanheira.org\/reportorio\/quaresma\/e.preciso.renascer.pdf\">\u00c9 Preciso Renascer<\/a>\u00a0ou <a href=\"http:\/\/coro.paroquiabaixadabanheira.org\/reportorio\/diversos\/se.eu.nao.tiver.amor.pdf\">Se Eu N\u00e3o Tiver Amor<\/a><\/li>\n<\/ul>\n<p>Trazer<\/p>\n<ul>\n<li><a href=\"http:\/\/coro.paroquiabaixadabanheira.org\/reportorio\/maria\/hino.centenario.fatima.pdf\">Mestra do An\u00fancio, Profecia do Amor<\/a><\/li>\n<li><a href=\"http:\/\/coro.paroquiabaixadabanheira.org\/reportorio\/diversos\/hino.da.caridade.pdf\">Hino da Caridade<\/a><\/li>\n<li><a href=\"http:\/\/coro.paroquiabaixadabanheira.org\/reportorio\/diversos\/familia.crista.pdf\">Fam\u00edlia Crist\u00e3<\/a><\/li>\n<\/ul>\n","protected":false},"excerpt":{"rendered":"<p>C\u00e2nticos para\u00a0o XXIII Domingo do\u00a0tempo Comum \u2013 Ano\u00a0A\u00a0(Liturgia) Entrada: Igreja Reunida Acto Penitencial:\u00a0Senhor, Tende Piedade\u00a0(M. Alentejana) Salmo\u00a094 (95)\u00a0 \u201dHoje se escutares a voz do Senhor, n\u00e3o fecheis os vossos cora\u00e7\u00f5es.\u201d Aclama\u00e7\u00e3o ao Evangelho:\u00a0\u00a0Aleluia\u00a0(Jos\u00e9 Ant\u00f3nio)\u00a0ou Aleluia, Jesus \u00e9 Senhor \u201cEm Cristo, &hellip;<\/p>\n<p class=\"read-more\"> <a class=\"more-link\" href=\"https:\/\/coro.paroquiabaixadabanheira.org\/?p=2464\"> <span class=\"screen-reader-text\">Domingo XXIII do Tempo Comum<\/span> Read More &raquo;<\/a><\/p>\n","protected":false},"author":3,"featured_media":0,"comment_status":"open","ping_status":"open","sticky":false,"template":"","format":"standard","meta":{"footnotes":""},"categories":[3],"tags":[],"class_list":["post-2464","post","type-post","status-publish","format-standard","hentry","category-ensaios"],"_links":{"self":[{"href":"https:\/\/coro.paroquiabaixadabanheira.org\/index.php?rest_route=\/wp\/v2\/posts\/2464","targetHints":{"allow":["GET"]}}],"collection":[{"href":"https:\/\/coro.paroquiabaixadabanheira.org\/index.php?rest_route=\/wp\/v2\/posts"}],"about":[{"href":"https:\/\/coro.paroquiabaixadabanheira.org\/index.php?rest_route=\/wp\/v2\/types\/post"}],"author":[{"embeddable":true,"href":"https:\/\/coro.paroquiabaixadabanheira.org\/index.php?rest_route=\/wp\/v2\/users\/3"}],"replies":[{"embeddable":true,"href":"https:\/\/coro.paroquiabaixadabanheira.org\/index.php?rest_route=%2Fwp%2Fv2%2Fcomments&post=2464"}],"version-history":[{"count":2,"href":"https:\/\/coro.paroquiabaixadabanheira.org\/index.php?rest_route=\/wp\/v2\/posts\/2464\/revisions"}],"predecessor-version":[{"id":2466,"href":"https:\/\/coro.paroquiabaixadabanheira.org\/index.php?rest_route=\/wp\/v2\/posts\/2464\/revisions\/2466"}],"wp:attachment":[{"href":"https:\/\/coro.paroquiabaixadabanheira.org\/index.php?rest_route=%2Fwp%2Fv2%2Fmedia&parent=2464"}],"wp:term":[{"taxonomy":"category","embeddable":true,"href":"https:\/\/coro.paroquiabaixadabanheira.org\/index.php?rest_route=%2Fwp%2Fv2%2Fcategories&post=2464"},{"taxonomy":"post_tag","embeddable":true,"href":"https:\/\/coro.paroquiabaixadabanheira.org\/index.php?rest_route=%2Fwp%2Fv2%2Ftags&post=2464"}],"curies":[{"name":"wp","href":"https:\/\/api.w.org\/{rel}","templated":true}]}}