{"id":2478,"date":"2017-09-16T00:37:19","date_gmt":"2017-09-16T00:37:19","guid":{"rendered":"http:\/\/coro.paroquiabaixadabanheira.org\/?p=2478"},"modified":"2017-09-16T16:27:42","modified_gmt":"2017-09-16T16:27:42","slug":"reconhecimento-do-grupo-effatha","status":"publish","type":"post","link":"https:\/\/coro.paroquiabaixadabanheira.org\/?p=2478","title":{"rendered":"Reconhecimento do Grupo EFFATH\u00c1"},"content":{"rendered":"<p>Fomos convidados pelos Grupo EFFATH\u00c1 a juntarmos ao grupo coral deles para cantarmos na eucaristia\u00a0do Reconhecimento do Grupo\u00a0como Renovamento Carism\u00e1tico Cat\u00f3lico. A eucar\u00edstica \u00e9 no dia 29\/10\/2017.<\/p>\n<p>Ser\u00e3o realizados\u00a0diversos ensaios extra. O primeiro \u00e9 dia 18\/09\/2017 (segunda-feira) \u00e1s 21h na igreja.<\/p>\n<p>Trazer as seguintes musicas:<\/p>\n<ul>\n<li><a href=\"http:\/\/coro.paroquiabaixadabanheira.org\/reportorio\/carismaticos\/exultai.no.senhor.pdf\">Exultai no\u00a0Senhor<\/a><\/li>\n<li><a href=\"http:\/\/coro.paroquiabaixadabanheira.org\/reportorio\/carismaticos\/aleluia.pdf\">Aleluia M.Marques<\/a><\/li>\n<li><a href=\"http:\/\/coro.paroquiabaixadabanheira.org\/reportorio\/carismaticos\/eu.vim.para.que.todos.tenham.vida.pdf\">Eu vim para que todos tenham vida<\/a><\/li>\n<li><a href=\"http:\/\/coro.paroquiabaixadabanheira.org\/reportorio\/carismaticos\/divinino.espirito.pdf\">Divino Espirito<\/a><\/li>\n<\/ul>\n","protected":false},"excerpt":{"rendered":"<p>Fomos convidados pelos Grupo EFFATH\u00c1 a juntarmos ao grupo coral deles para cantarmos na eucaristia\u00a0do Reconhecimento do Grupo\u00a0como Renovamento Carism\u00e1tico Cat\u00f3lico. A eucar\u00edstica \u00e9 no dia 29\/10\/2017. Ser\u00e3o realizados\u00a0diversos ensaios extra. O primeiro \u00e9 dia 18\/09\/2017 (segunda-feira) \u00e1s 21h na &hellip;<\/p>\n<p class=\"read-more\"> <a class=\"more-link\" href=\"https:\/\/coro.paroquiabaixadabanheira.org\/?p=2478\"> <span class=\"screen-reader-text\">Reconhecimento do Grupo EFFATH\u00c1<\/span> Read More &raquo;<\/a><\/p>\n","protected":false},"author":3,"featured_media":0,"comment_status":"open","ping_status":"open","sticky":false,"template":"","format":"standard","meta":{"footnotes":""},"categories":[3],"tags":[],"class_list":["post-2478","post","type-post","status-publish","format-standard","hentry","category-ensaios"],"_links":{"self":[{"href":"https:\/\/coro.paroquiabaixadabanheira.org\/index.php?rest_route=\/wp\/v2\/posts\/2478","targetHints":{"allow":["GET"]}}],"collection":[{"href":"https:\/\/coro.paroquiabaixadabanheira.org\/index.php?rest_route=\/wp\/v2\/posts"}],"about":[{"href":"https:\/\/coro.paroquiabaixadabanheira.org\/index.php?rest_route=\/wp\/v2\/types\/post"}],"author":[{"embeddable":true,"href":"https:\/\/coro.paroquiabaixadabanheira.org\/index.php?rest_route=\/wp\/v2\/users\/3"}],"replies":[{"embeddable":true,"href":"https:\/\/coro.paroquiabaixadabanheira.org\/index.php?rest_route=%2Fwp%2Fv2%2Fcomments&post=2478"}],"version-history":[{"count":4,"href":"https:\/\/coro.paroquiabaixadabanheira.org\/index.php?rest_route=\/wp\/v2\/posts\/2478\/revisions"}],"predecessor-version":[{"id":2482,"href":"https:\/\/coro.paroquiabaixadabanheira.org\/index.php?rest_route=\/wp\/v2\/posts\/2478\/revisions\/2482"}],"wp:attachment":[{"href":"https:\/\/coro.paroquiabaixadabanheira.org\/index.php?rest_route=%2Fwp%2Fv2%2Fmedia&parent=2478"}],"wp:term":[{"taxonomy":"category","embeddable":true,"href":"https:\/\/coro.paroquiabaixadabanheira.org\/index.php?rest_route=%2Fwp%2Fv2%2Fcategories&post=2478"},{"taxonomy":"post_tag","embeddable":true,"href":"https:\/\/coro.paroquiabaixadabanheira.org\/index.php?rest_route=%2Fwp%2Fv2%2Ftags&post=2478"}],"curies":[{"name":"wp","href":"https:\/\/api.w.org\/{rel}","templated":true}]}}