{"id":2490,"date":"2017-09-27T23:05:32","date_gmt":"2017-09-27T23:05:32","guid":{"rendered":"http:\/\/coro.paroquiabaixadabanheira.org\/?p=2490"},"modified":"2017-09-27T23:05:32","modified_gmt":"2017-09-27T23:05:32","slug":"domingo-xxvi-do-tempo-comum-7","status":"publish","type":"post","link":"https:\/\/coro.paroquiabaixadabanheira.org\/?p=2490","title":{"rendered":"Domingo XXVI do Tempo Comum"},"content":{"rendered":"<p><strong>C\u00e2nticos para\u00a0o XXVI Domingo do\u00a0tempo Comum \u2013 Ano\u00a0A<\/strong>\u00a0(<a href=\"http:\/\/www.liturgia.pt\/liturgiadiaria\/dia.php?data=2017-10-1\">Liturgia<\/a>)<\/p>\n<ul>\n<li>Entrada: <a href=\"http:\/\/coro.paroquiabaixadabanheira.org\/reportorio\/entrada\/tudo.quanto.nos.fizestes.pdf\">Tudo quanto nos fizeste<\/a>\u00a0ou <a href=\"http:\/\/coro.paroquiabaixadabanheira.org\/reportorio\/entrada\/igreja.peregrina.pdf\">Igreja Peregrina<\/a><\/li>\n<li>Acto Penitencial: <a href=\"http:\/\/coro.paroquiabaixadabanheira.org\/reportorio\/penitencial\/senhor.tende.piedade.2.pdf\">Senhor, Tende Piedade (Aragu\u00e9s)<\/a><\/li>\n<li>Salmo\u00a024 <em>(25)<\/em>\u00a0 <a href=\"http:\/\/www.liturgia.pt\/multimedia\/mp3\/SalmosResponsoriais\/059_TC_A_Lembrai_vos_Senhor_da_vossa_miseric.mp3\"><em>\u201dLembrai-Vos, Senhor, da vossa miseric\u00f3rdia e do vosso amor.\u201d<\/em><\/a><\/li>\n<li>Aclama\u00e7\u00e3o ao Evangelho:\u00a0\u00a0<a href=\"http:\/\/coro.paroquiabaixadabanheira.org\/reportorio\/aclama\/aleluia.james.chepponis.pdf\">Aleluia (James Chepponis)<\/a>\u00a0ou <a href=\"http:\/\/coro.paroquiabaixadabanheira.org\/reportorio\/aclama\/aleluia.manuel.simoes.pdf\">Aleluia (Manuel Sim\u00f5es)<\/a>\u00a0<strong>\u201cAs minhas ovelhas ouvem a minha voz, diz o Senhor; Eu conhe\u00e7o as minhas ovelhas e elas seguem-Me&#8221;. <\/strong><\/li>\n<li>Apresenta\u00e7\u00e3o dos Dons: <a href=\"http:\/\/coro.paroquiabaixadabanheira.org\/reportorio\/diversos\/hino.da.caridade.pdf\">Hino da Caridade<\/a><\/li>\n<li>Santo:\u00a0<a href=\"http:\/\/coro.paroquiabaixadabanheira.org\/reportorio\/santo\/santo.psallite.pdf\">Santo (Ac\u00edlio Mendes)<\/a><\/li>\n<li>Cordeiro:\u00a0<a href=\"http:\/\/coro.paroquiabaixadabanheira.org\/reportorio\/cordeiro\/cordeiro.cartageno2.pdf\">Cordeiro\u00a02 Cartageno<\/a> ou <a href=\"http:\/\/coro.paroquiabaixadabanheira.org\/reportorio\/cordeiro\/cordeiro.olindo.marques.pdf\">Cordeiro\u00a0(Olindo Marques)<\/a><\/li>\n<li>Comunh\u00e3o: <a href=\"http:\/\/coro.paroquiabaixadabanheira.org\/reportorio\/comunhao\/meu.pao.sagrado.pdf\">Meu P\u00e3o Sagrado<\/a><\/li>\n<li>Ac\u00e7\u00e3o de Gra\u00e7as: <a href=\"http:\/\/coro.paroquiabaixadabanheira.org\/reportorio\/maria\/a.virgem.cheia.de.graca.pdf\">\u00c0\u00a0Virgem cheia de gra\u00e7a<\/a><\/li>\n<li>Final: <a href=\"http:\/\/coro.paroquiabaixadabanheira.org\/reportorio\/comunhao\/vos.sereis.os.meus.amigos.pdf\">V\u00f3s Sereis os Meus Amigos<\/a><\/li>\n<\/ul>\n<p>Trazer<\/p>\n<ul>\n<li><a href=\"http:\/\/coro.paroquiabaixadabanheira.org\/reportorio\/maria\/mae.de.jesus.mae.da.igreja.pdf\">M\u00e3e de Jesus, M\u00e3e da Igreja<\/a><\/li>\n<li><a href=\"http:\/\/coro.paroquiabaixadabanheira.org\/reportorio\/diversos\/familia.crista.pdf\">Fam\u00edlia Crist\u00e3<\/a><\/li>\n<\/ul>\n","protected":false},"excerpt":{"rendered":"<p>C\u00e2nticos para\u00a0o XXVI Domingo do\u00a0tempo Comum \u2013 Ano\u00a0A\u00a0(Liturgia) Entrada: Tudo quanto nos fizeste\u00a0ou Igreja Peregrina Acto Penitencial: Senhor, Tende Piedade (Aragu\u00e9s) Salmo\u00a024 (25)\u00a0 \u201dLembrai-Vos, Senhor, da vossa miseric\u00f3rdia e do vosso amor.\u201d Aclama\u00e7\u00e3o ao Evangelho:\u00a0\u00a0Aleluia (James Chepponis)\u00a0ou Aleluia (Manuel Sim\u00f5es)\u00a0\u201cAs &hellip;<\/p>\n<p class=\"read-more\"> <a class=\"more-link\" href=\"https:\/\/coro.paroquiabaixadabanheira.org\/?p=2490\"> <span class=\"screen-reader-text\">Domingo XXVI do Tempo Comum<\/span> Read More &raquo;<\/a><\/p>\n","protected":false},"author":3,"featured_media":0,"comment_status":"open","ping_status":"open","sticky":false,"template":"","format":"standard","meta":{"footnotes":""},"categories":[3],"tags":[],"class_list":["post-2490","post","type-post","status-publish","format-standard","hentry","category-ensaios"],"_links":{"self":[{"href":"https:\/\/coro.paroquiabaixadabanheira.org\/index.php?rest_route=\/wp\/v2\/posts\/2490","targetHints":{"allow":["GET"]}}],"collection":[{"href":"https:\/\/coro.paroquiabaixadabanheira.org\/index.php?rest_route=\/wp\/v2\/posts"}],"about":[{"href":"https:\/\/coro.paroquiabaixadabanheira.org\/index.php?rest_route=\/wp\/v2\/types\/post"}],"author":[{"embeddable":true,"href":"https:\/\/coro.paroquiabaixadabanheira.org\/index.php?rest_route=\/wp\/v2\/users\/3"}],"replies":[{"embeddable":true,"href":"https:\/\/coro.paroquiabaixadabanheira.org\/index.php?rest_route=%2Fwp%2Fv2%2Fcomments&post=2490"}],"version-history":[{"count":3,"href":"https:\/\/coro.paroquiabaixadabanheira.org\/index.php?rest_route=\/wp\/v2\/posts\/2490\/revisions"}],"predecessor-version":[{"id":2493,"href":"https:\/\/coro.paroquiabaixadabanheira.org\/index.php?rest_route=\/wp\/v2\/posts\/2490\/revisions\/2493"}],"wp:attachment":[{"href":"https:\/\/coro.paroquiabaixadabanheira.org\/index.php?rest_route=%2Fwp%2Fv2%2Fmedia&parent=2490"}],"wp:term":[{"taxonomy":"category","embeddable":true,"href":"https:\/\/coro.paroquiabaixadabanheira.org\/index.php?rest_route=%2Fwp%2Fv2%2Fcategories&post=2490"},{"taxonomy":"post_tag","embeddable":true,"href":"https:\/\/coro.paroquiabaixadabanheira.org\/index.php?rest_route=%2Fwp%2Fv2%2Ftags&post=2490"}],"curies":[{"name":"wp","href":"https:\/\/api.w.org\/{rel}","templated":true}]}}