{"id":2577,"date":"2017-12-17T01:02:24","date_gmt":"2017-12-17T01:02:24","guid":{"rendered":"http:\/\/coro.paroquiabaixadabanheira.org\/?p=2577"},"modified":"2017-12-24T01:22:43","modified_gmt":"2017-12-24T01:22:43","slug":"natal-do-senhor-missa-da-vigilia-3","status":"publish","type":"post","link":"https:\/\/coro.paroquiabaixadabanheira.org\/?p=2577","title":{"rendered":"Natal do Senhor \u2013 Missa da Noite"},"content":{"rendered":"<p><strong>C\u00e2nticos para a missa da noite\u2013 Ano\u00a0B<\/strong><strong>\u00a0(<a href=\"http:\/\/www.liturgia.pt\/liturgiadiaria\/dia.php?data=2017-12-25\">Liturgia)<\/a><\/strong><\/p>\n<ul>\n<li>Entrada: <a href=\"http:\/\/coro.paroquiabaixadabanheira.org\/reportorio\/natal\/oh.noite.favorecida.pdf\">Oh! Noite Favorecida<\/a><\/li>\n<li>Kalenda de Natal: <a href=\"http:\/\/coro.paroquiabaixadabanheira.org\/reportorio\/taize\/venite.exultemus.domino.pdf\">Venite Exultemus Domino<\/a>\u00a0<strong>&#8220;Vinde, adoremos o Salvador&#8221;<\/strong><\/li>\n<li>Gl\u00f3ria: <a href=\"http:\/\/coro.paroquiabaixadabanheira.org\/reportorio\/gloria\/gloria.a.deus.a.cartageno.pdf\">Gloria Cartageno<\/a><\/li>\n<li>Salmo:\u00a0<em>95 (96) <a href=\"http:\/\/www.liturgia.pt\/multimedia\/mp3\/SalmosResponsoriais\/006_ABC_02NatMeiaNoite-HojeNasceu.mp3\">\u201cHoje nasceu o nosso salvador, Jesus Cristo Senhor. Hoje nasceu o nosso salvador.\u201d<\/a><\/em><\/li>\n<li>Aclama\u00e7\u00e3o ao Evangelho: <a href=\"http:\/\/coro.paroquiabaixadabanheira.org\/reportorio\/aclama\/aleluia.james.chepponis.pdf\">Aleluia (James Chepponis)<\/a> &#8220;<strong>Anuncio-vos uma grande alegria:\u00a0<\/strong><strong>Hoje nasceu o nosso salvador, Jesus Cristo, Senhor&#8221;<\/strong><\/li>\n<li>Depois do Evangelho: <a href=\"http:\/\/coro.paroquiabaixadabanheira.org\/reportorio\/natal\/aleluia.nasceu.salvador.vozes.pdf\">Aleluia! Nasceu o Salvador<\/a>\u00a0(Novo)<\/li>\n<li>Ora\u00e7\u00e3o dos Fi\u00e9is: <a href=\"http:\/\/coro.paroquiabaixadabanheira.org\/reportorio\/aclamacao\/oracao.universal.pdf\">Respostas<\/a>\u00a0(numero 29)<\/li>\n<li>Apresenta\u00e7\u00e3o dos Dons: <a href=\"http:\/\/coro.paroquiabaixadabanheira.org\/reportorio\/natal\/exultemos.de.alegria.pdf\">Exultemos de alegria<\/a><\/li>\n<li>Santo: <a href=\"http:\/\/coro.paroquiabaixadabanheira.org\/reportorio\/santo\/santo.leonel.claro.pdf\">Santo (L. Claro)<\/a><\/li>\n<li>Pai Nosso: <a href=\"http:\/\/coro.paroquiabaixadabanheira.org\/reportorio\/painosso\/pai.nosso.2.vozes.pdf\">Pai Nosso\u00a02 vozes<\/a><\/li>\n<li>Cordeiro: <a href=\"http:\/\/coro.paroquiabaixadabanheira.org\/reportorio\/cordeiro\/cordeiro.cartageno.pdf\">Cordeiro (A. Cartageno)<\/a><\/li>\n<li>Comunh\u00e3o:\u00a0 <a href=\"http:\/\/coro.paroquiabaixadabanheira.org\/reportorio\/natal\/natal.cristo.nasceu.pdf\">\u00c9 natal Cristo nasceu<\/a><\/li>\n<li>Ac\u00e7\u00e3o de Gra\u00e7as: <a href=\"http:\/\/coro.paroquiabaixadabanheira.org\/reportorio\/natal\/noite.feliz.pdf\">Noite Feliz<\/a><\/li>\n<li>Venera\u00e7\u00e3o\u00a0\u00e0 Imagem do Menino:<a href=\"http:\/\/coro.paroquiabaixadabanheira.org\/reportorio\/pentecostes\/espirito.de.amor.pdf\">\u00a0<\/a><a href=\"http:\/\/coro.paroquiabaixadabanheira.org\/reportorio\/natal\/hoje.na.terra.pdf\">Hoje na Terra<\/a><\/li>\n<li>Venera\u00e7\u00e3o\u00a0\u00e0 Imagem do Menino:<a href=\"http:\/\/coro.paroquiabaixadabanheira.org\/reportorio\/pentecostes\/espirito.de.amor.pdf\">\u00a0<\/a><a href=\"http:\/\/coro.paroquiabaixadabanheira.org\/reportorio\/natal\/gloria.in.excelsis.deo.pdf\">Gloria, In Excelsis Deo<\/a><\/li>\n<li>Venera\u00e7\u00e3o\u00a0\u00e0 Imagem do Menino:<a href=\"http:\/\/coro.paroquiabaixadabanheira.org\/reportorio\/pentecostes\/espirito.de.amor.pdf\">\u00a0<\/a><a href=\"http:\/\/coro.paroquiabaixadabanheira.org\/reportorio\/natal\/correi.pressurosos.pdf\">Correi Pressurosos a Bel\u00e9m<\/a><\/li>\n<\/ul>\n<p>Suplentes:<\/p>\n<ul>\n<li><a href=\"http:\/\/coro.paroquiabaixadabanheira.org\/reportorio\/natal\/oh.que.noite.tao.serena.pdf\">Oh, Que Noite t\u00e3o Serena<\/a><\/li>\n<li><a href=\"http:\/\/coro.paroquiabaixadabanheira.org\/reportorio\/natal\/adeste.fideles.vozes.pdf\">Adeste Fideles<\/a><\/li>\n<li><a href=\"http:\/\/coro.paroquiabaixadabanheira.org\/reportorio\/natal\/sou.um.pobre.pastorinho.pdf\">Sou um Pobre Pastorinho<\/a><\/li>\n<li><a href=\"http:\/\/coro.paroquiabaixadabanheira.org\/reportorio\/natal\/alegremse.os.ceus.pdf\">Alegrem-se os C\u00e9us e a Terra<\/a><\/li>\n<\/ul>\n","protected":false},"excerpt":{"rendered":"<p>C\u00e2nticos para a missa da noite\u2013 Ano\u00a0B\u00a0(Liturgia) Entrada: Oh! Noite Favorecida Kalenda de Natal: Venite Exultemus Domino\u00a0&#8220;Vinde, adoremos o Salvador&#8221; Gl\u00f3ria: Gloria Cartageno Salmo:\u00a095 (96) \u201cHoje nasceu o nosso salvador, Jesus Cristo Senhor. Hoje nasceu o nosso salvador.\u201d Aclama\u00e7\u00e3o ao &hellip;<\/p>\n<p class=\"read-more\"> <a class=\"more-link\" href=\"https:\/\/coro.paroquiabaixadabanheira.org\/?p=2577\"> <span class=\"screen-reader-text\">Natal do Senhor \u2013 Missa da Noite<\/span> Read More &raquo;<\/a><\/p>\n","protected":false},"author":3,"featured_media":0,"comment_status":"open","ping_status":"open","sticky":false,"template":"","format":"standard","meta":{"footnotes":""},"categories":[3],"tags":[],"class_list":["post-2577","post","type-post","status-publish","format-standard","hentry","category-ensaios"],"_links":{"self":[{"href":"https:\/\/coro.paroquiabaixadabanheira.org\/index.php?rest_route=\/wp\/v2\/posts\/2577","targetHints":{"allow":["GET"]}}],"collection":[{"href":"https:\/\/coro.paroquiabaixadabanheira.org\/index.php?rest_route=\/wp\/v2\/posts"}],"about":[{"href":"https:\/\/coro.paroquiabaixadabanheira.org\/index.php?rest_route=\/wp\/v2\/types\/post"}],"author":[{"embeddable":true,"href":"https:\/\/coro.paroquiabaixadabanheira.org\/index.php?rest_route=\/wp\/v2\/users\/3"}],"replies":[{"embeddable":true,"href":"https:\/\/coro.paroquiabaixadabanheira.org\/index.php?rest_route=%2Fwp%2Fv2%2Fcomments&post=2577"}],"version-history":[{"count":6,"href":"https:\/\/coro.paroquiabaixadabanheira.org\/index.php?rest_route=\/wp\/v2\/posts\/2577\/revisions"}],"predecessor-version":[{"id":2589,"href":"https:\/\/coro.paroquiabaixadabanheira.org\/index.php?rest_route=\/wp\/v2\/posts\/2577\/revisions\/2589"}],"wp:attachment":[{"href":"https:\/\/coro.paroquiabaixadabanheira.org\/index.php?rest_route=%2Fwp%2Fv2%2Fmedia&parent=2577"}],"wp:term":[{"taxonomy":"category","embeddable":true,"href":"https:\/\/coro.paroquiabaixadabanheira.org\/index.php?rest_route=%2Fwp%2Fv2%2Fcategories&post=2577"},{"taxonomy":"post_tag","embeddable":true,"href":"https:\/\/coro.paroquiabaixadabanheira.org\/index.php?rest_route=%2Fwp%2Fv2%2Ftags&post=2577"}],"curies":[{"name":"wp","href":"https:\/\/api.w.org\/{rel}","templated":true}]}}