{"id":2585,"date":"2017-12-19T23:43:14","date_gmt":"2017-12-19T23:43:14","guid":{"rendered":"http:\/\/coro.paroquiabaixadabanheira.org\/?p=2585"},"modified":"2017-12-19T23:43:14","modified_gmt":"2017-12-19T23:43:14","slug":"domingo-iv-do-advento-7","status":"publish","type":"post","link":"https:\/\/coro.paroquiabaixadabanheira.org\/?p=2585","title":{"rendered":"Domingo IV do Advento"},"content":{"rendered":"<p><strong>C\u00e2nticos para\u00a0o\u00a0IV Domingo do\u00a0Advento\u2013 Ano\u00a0B<\/strong>\u00a0(<a href=\"http:\/\/www.liturgia.pt\/liturgiadiaria\/dia.php?data=2017-12-24\">Liturgia<\/a>)<\/p>\n<p>Ensaio para a eucaristia do IV Domingo TC &#8211; Sexta-feira, dia\u00a022 de Dezembro das 21h00 &#8211; 22h00<\/p>\n<p>Ensaio para a missa da noite e dia de Natal &#8211; Sexta-feira, dia 22 de Dezembro das 22h00 &#8211; 23h00<\/p>\n<ul>\n<li>Entrada: <a href=\"http:\/\/coro.paroquiabaixadabanheira.org\/reportorio\/advento\/quando.o.profeta.chegar.pdf\">Quando o Profeta Chegar<\/a><\/li>\n<li>Acto Penitencial: <a href=\"http:\/\/coro.paroquiabaixadabanheira.org\/reportorio\/penitencial\/senhor.tem.piedade.de.nos.pdf\">Senhor Tem Piedade de N\u00f3s<\/a><\/li>\n<li>Salmo\u00a088 (89)\u00a0<a href=\"http:\/\/www.liturgia.pt\/multimedia\/mp3\/SalmosResponsoriais\/073_Adv04BIVDom-SenhorCantareiEternamente.mp3\"><em>\u201d Senhor, cantarei eternamente a vossa bondade.\u201d<\/em><\/a><\/li>\n<li>Aclama\u00e7\u00e3o ao Evangelho: <a href=\"http:\/\/coro.paroquiabaixadabanheira.org\/reportorio\/advento\/canto.a.cristo.pdf\">Canto a Cristo<\/a>\u00a0<strong>\u201cEis a escrava do Senhor:\u00a0fa\u00e7a-se em mim segundo a vossa palavra.\u201d<\/strong><\/li>\n<li>Apresenta\u00e7\u00e3o dos Dons: <a href=\"http:\/\/coro.paroquiabaixadabanheira.org\/reportorio\/maria\/bendita.seja.virgem.maria.pdf\">Bendita Seja Virgem Maria<\/a>\u00a0ou <a href=\"http:\/\/coro.paroquiabaixadabanheira.org\/reportorio\/maria\/queres.tu.maria.pdf\">Queres Tu Maria<\/a><\/li>\n<li>Santo: <a href=\"http:\/\/coro.paroquiabaixadabanheira.org\/reportorio\/santo\/santo.ferreira.santos.pdf\">Santo Ferreira dos Santos<\/a><\/li>\n<li>Cordeiro:\u00a0<a href=\"http:\/\/coro.paroquiabaixadabanheira.org\/reportorio\/cordeiro\/cordeiro.olindo.marques.pdf\">Cordeiro\u00a0(Olindo Marques)<\/a><\/li>\n<li>Comunh\u00e3o: <a href=\"http:\/\/coro.paroquiabaixadabanheira.org\/reportorio\/advento\/a.virgem.concebera.pdf\">A Virgem Conceber\u00e1<\/a><\/li>\n<li>Ac\u00e7\u00e3o de Gra\u00e7as: <a href=\"http:\/\/coro.paroquiabaixadabanheira.org\/reportorio\/casamento\/deus.da.familia.pdf\">Deus da Fam\u00edlia<\/a><\/li>\n<li>Final: <a href=\"http:\/\/coro.paroquiabaixadabanheira.org\/reportorio\/advento\/ave.senhora.do.advento.pdf\">Av\u00e9, Senhora do Advento<\/a>\u00a0ou <a href=\"http:\/\/coro.paroquiabaixadabanheira.org\/reportorio\/advento\/vem.senhor.jesus.pdf\">Vem Senhor Jesus<\/a><\/li>\n<\/ul>\n<p>Trazer:<\/p>\n<ul>\n<li>As musicas de Natal<\/li>\n<\/ul>\n","protected":false},"excerpt":{"rendered":"<p>C\u00e2nticos para\u00a0o\u00a0IV Domingo do\u00a0Advento\u2013 Ano\u00a0B\u00a0(Liturgia) Ensaio para a eucaristia do IV Domingo TC &#8211; Sexta-feira, dia\u00a022 de Dezembro das 21h00 &#8211; 22h00 Ensaio para a missa da noite e dia de Natal &#8211; Sexta-feira, dia 22 de Dezembro das 22h00 &hellip;<\/p>\n<p class=\"read-more\"> <a class=\"more-link\" href=\"https:\/\/coro.paroquiabaixadabanheira.org\/?p=2585\"> <span class=\"screen-reader-text\">Domingo IV do Advento<\/span> Read More &raquo;<\/a><\/p>\n","protected":false},"author":3,"featured_media":0,"comment_status":"open","ping_status":"open","sticky":false,"template":"","format":"standard","meta":{"footnotes":""},"categories":[3],"tags":[],"class_list":["post-2585","post","type-post","status-publish","format-standard","hentry","category-ensaios"],"_links":{"self":[{"href":"https:\/\/coro.paroquiabaixadabanheira.org\/index.php?rest_route=\/wp\/v2\/posts\/2585","targetHints":{"allow":["GET"]}}],"collection":[{"href":"https:\/\/coro.paroquiabaixadabanheira.org\/index.php?rest_route=\/wp\/v2\/posts"}],"about":[{"href":"https:\/\/coro.paroquiabaixadabanheira.org\/index.php?rest_route=\/wp\/v2\/types\/post"}],"author":[{"embeddable":true,"href":"https:\/\/coro.paroquiabaixadabanheira.org\/index.php?rest_route=\/wp\/v2\/users\/3"}],"replies":[{"embeddable":true,"href":"https:\/\/coro.paroquiabaixadabanheira.org\/index.php?rest_route=%2Fwp%2Fv2%2Fcomments&post=2585"}],"version-history":[{"count":2,"href":"https:\/\/coro.paroquiabaixadabanheira.org\/index.php?rest_route=\/wp\/v2\/posts\/2585\/revisions"}],"predecessor-version":[{"id":2587,"href":"https:\/\/coro.paroquiabaixadabanheira.org\/index.php?rest_route=\/wp\/v2\/posts\/2585\/revisions\/2587"}],"wp:attachment":[{"href":"https:\/\/coro.paroquiabaixadabanheira.org\/index.php?rest_route=%2Fwp%2Fv2%2Fmedia&parent=2585"}],"wp:term":[{"taxonomy":"category","embeddable":true,"href":"https:\/\/coro.paroquiabaixadabanheira.org\/index.php?rest_route=%2Fwp%2Fv2%2Fcategories&post=2585"},{"taxonomy":"post_tag","embeddable":true,"href":"https:\/\/coro.paroquiabaixadabanheira.org\/index.php?rest_route=%2Fwp%2Fv2%2Ftags&post=2585"}],"curies":[{"name":"wp","href":"https:\/\/api.w.org\/{rel}","templated":true}]}}