{"id":2612,"date":"2018-01-17T23:41:43","date_gmt":"2018-01-17T23:41:43","guid":{"rendered":"http:\/\/coro.paroquiabaixadabanheira.org\/?p=2612"},"modified":"2018-01-17T23:41:43","modified_gmt":"2018-01-17T23:41:43","slug":"domingo-iii-do-tempo-comum-9","status":"publish","type":"post","link":"https:\/\/coro.paroquiabaixadabanheira.org\/?p=2612","title":{"rendered":"Domingo III do Tempo Comum"},"content":{"rendered":"<p><strong>C\u00e2nticos para\u00a0o Domingo\u00a0III\u00a0do Tempo Comum\u2013 Ano\u00a0B\u00a0(<\/strong><a href=\"http:\/\/www.liturgia.pt\/liturgiadiaria\/dia.php?data=2018-1-21\"><strong>liturgia<\/strong><\/a><strong>)<\/strong><\/p>\n<ul>\n<li>Entrada: <a href=\"http:\/\/coro.paroquiabaixadabanheira.org\/reportorio\/entrada\/cantai.ao.senhor.pdf\">Cantai ao Senhor um c\u00e2ntico novo<\/a><\/li>\n<li>Acto Penitencial: <a href=\"http:\/\/coro.paroquiabaixadabanheira.org\/reportorio\/penitencial\/kyrie.10.pdf\">kyrie 10<\/a><\/li>\n<li>Salmo\u00a024 <em>(25)<\/em> <a href=\"http:\/\/www.liturgia.pt\/multimedia\/mp3\/SalmosResponsoriais\/087_TC_B_3Dom-Ensinai-meSenhor.mp3\"><em>\u201cEnsinai-me, Senhor, os vossos caminhos.\u201d <\/em><\/a><\/li>\n<li>Aclama\u00e7\u00e3o ao Evangelho: \u00a0<a href=\"http:\/\/coro.paroquiabaixadabanheira.org\/reportorio\/aclama\/aleluia.manuel.simoes.pdf\">Aleluia (Manuel Sim\u00f5es)<\/a> <strong>\u201cEst\u00e1 pr\u00f3ximo o reino de Deus;\u00a0arrependei-vos e acreditai no Evangelho.\u201d<\/strong><\/li>\n<li>Apresenta\u00e7\u00e3o dos Dons: <a href=\"http:\/\/coro.paroquiabaixadabanheira.org\/reportorio\/diversos\/tu.que.nas.margens.do.lago.pdf\">Tu Que Nas Margens do Lago<\/a><\/li>\n<li>Santo: <a href=\"http:\/\/coro.paroquiabaixadabanheira.org\/reportorio\/santo\/santo.j.paulo.abreu.pdf\">Santo\u00a0(Jos\u00e9 Abreu)<\/a><\/li>\n<li>Cordeiro: <a href=\"http:\/\/coro.paroquiabaixadabanheira.org\/reportorio\/cordeiro\/cordeiro.aragues.pdf\">Cordeiro (Aragues)<\/a><\/li>\n<li>Comunh\u00e3o: <a href=\"http:\/\/coro.paroquiabaixadabanheira.org\/reportorio\/diversos\/o.pescador.do.lago.da.galileia.pdf\">\u00d3 Pescador do lago da Galileia<\/a><\/li>\n<li>Ac\u00e7\u00e3o de Gra\u00e7as: <a href=\"http:\/\/coro.paroquiabaixadabanheira.org\/reportorio\/quaresma\/quao.amavel.e.vossa.morada.pdf\">A Vossa Morada<\/a><\/li>\n<li>Final: <a href=\"http:\/\/coro.paroquiabaixadabanheira.org\/reportorio\/final\/nao.fostes.vos.que.me.escolhestes.pdf\">N\u00e3o fostes V\u00f3s que me escolhestes<\/a>\u00a0ou <a href=\"http:\/\/coro.paroquiabaixadabanheira.org\/reportorio\/diversos\/ha.um.barco.esquecido.pdf\">H\u00e1 um Barco Esquecido<\/a><\/li>\n<\/ul>\n<p>Trazer<\/p>\n<ul>\n<li><a href=\"http:\/\/coro.paroquiabaixadabanheira.org\/reportorio\/diversos\/familia.crista.pdf\">Familia Crist\u00e3<\/a><\/li>\n<li><a href=\"http:\/\/coro.paroquiabaixadabanheira.org\/reportorio\/gracas\/eis.me.aqui.pdf\">Eis-me aqui<\/a><\/li>\n<li><a href=\"http:\/\/coro.paroquiabaixadabanheira.org\/reportorio\/cordeiro\/cordeiro.de.deus.azevedo.pdf\">Cordeiro (Azevedo Oliveira)<\/a><\/li>\n<\/ul>\n","protected":false},"excerpt":{"rendered":"<p>C\u00e2nticos para\u00a0o Domingo\u00a0III\u00a0do Tempo Comum\u2013 Ano\u00a0B\u00a0(liturgia) Entrada: Cantai ao Senhor um c\u00e2ntico novo Acto Penitencial: kyrie 10 Salmo\u00a024 (25) \u201cEnsinai-me, Senhor, os vossos caminhos.\u201d Aclama\u00e7\u00e3o ao Evangelho: \u00a0Aleluia (Manuel Sim\u00f5es) \u201cEst\u00e1 pr\u00f3ximo o reino de Deus;\u00a0arrependei-vos e acreditai no Evangelho.\u201d &hellip;<\/p>\n<p class=\"read-more\"> <a class=\"more-link\" href=\"https:\/\/coro.paroquiabaixadabanheira.org\/?p=2612\"> <span class=\"screen-reader-text\">Domingo III do Tempo Comum<\/span> Read More &raquo;<\/a><\/p>\n","protected":false},"author":3,"featured_media":0,"comment_status":"open","ping_status":"open","sticky":false,"template":"","format":"standard","meta":{"footnotes":""},"categories":[1],"tags":[],"class_list":["post-2612","post","type-post","status-publish","format-standard","hentry","category-uncategorized"],"_links":{"self":[{"href":"https:\/\/coro.paroquiabaixadabanheira.org\/index.php?rest_route=\/wp\/v2\/posts\/2612","targetHints":{"allow":["GET"]}}],"collection":[{"href":"https:\/\/coro.paroquiabaixadabanheira.org\/index.php?rest_route=\/wp\/v2\/posts"}],"about":[{"href":"https:\/\/coro.paroquiabaixadabanheira.org\/index.php?rest_route=\/wp\/v2\/types\/post"}],"author":[{"embeddable":true,"href":"https:\/\/coro.paroquiabaixadabanheira.org\/index.php?rest_route=\/wp\/v2\/users\/3"}],"replies":[{"embeddable":true,"href":"https:\/\/coro.paroquiabaixadabanheira.org\/index.php?rest_route=%2Fwp%2Fv2%2Fcomments&post=2612"}],"version-history":[{"count":3,"href":"https:\/\/coro.paroquiabaixadabanheira.org\/index.php?rest_route=\/wp\/v2\/posts\/2612\/revisions"}],"predecessor-version":[{"id":2615,"href":"https:\/\/coro.paroquiabaixadabanheira.org\/index.php?rest_route=\/wp\/v2\/posts\/2612\/revisions\/2615"}],"wp:attachment":[{"href":"https:\/\/coro.paroquiabaixadabanheira.org\/index.php?rest_route=%2Fwp%2Fv2%2Fmedia&parent=2612"}],"wp:term":[{"taxonomy":"category","embeddable":true,"href":"https:\/\/coro.paroquiabaixadabanheira.org\/index.php?rest_route=%2Fwp%2Fv2%2Fcategories&post=2612"},{"taxonomy":"post_tag","embeddable":true,"href":"https:\/\/coro.paroquiabaixadabanheira.org\/index.php?rest_route=%2Fwp%2Fv2%2Ftags&post=2612"}],"curies":[{"name":"wp","href":"https:\/\/api.w.org\/{rel}","templated":true}]}}