{"id":2694,"date":"2018-04-05T00:05:45","date_gmt":"2018-04-05T00:05:45","guid":{"rendered":"http:\/\/coro.paroquiabaixadabanheira.org\/?p=2694"},"modified":"2018-04-05T00:05:45","modified_gmt":"2018-04-05T00:05:45","slug":"domingo-ii-da-pascoa-7","status":"publish","type":"post","link":"https:\/\/coro.paroquiabaixadabanheira.org\/?p=2694","title":{"rendered":"Domingo II da P\u00e1scoa"},"content":{"rendered":"<p>Devido a realiza\u00e7\u00e3o das promessas dos escuteiros na eucaristia de domingo (08\/04)\u00a0\u00e1s 11h30, iremos cantar na eucaristia de s\u00e1bado (07\/04)\u00a0\u00e1s 19h00. Agrade\u00e7o a vossa disponibilidade.<\/p>\n<p><strong>C\u00e2nticos para\u00a0o II Domingo\u00a0da\u00a0P\u00e1scoa<\/strong><strong> \u2013\u00a0Ano\u00a0B\u00a0(<a href=\"http:\/\/www.liturgia.pt\/liturgiadiaria\/dia.php?data=2018-4-8\">liturgia)<\/a><\/strong><\/p>\n<ul>\n<li>Entrada: <a href=\"http:\/\/coro.paroquiabaixadabanheira.org\/reportorio\/pascoa\/o.senhor.ressuscitou.pdf\">O Senhor Ressuscitou Verdadeiramente<\/a><\/li>\n<li>Acto Penitencial: <a href=\"http:\/\/coro.paroquiabaixadabanheira.org\/reportorio\/penitencial\/kyrie.eleison.mario.soroldoni.pdf\">Kyrie Eleison (M\u00e1rio Soroldoni)<\/a><\/li>\n<li>Aspers\u00e3o: <a href=\"http:\/\/coro.paroquiabaixadabanheira.org\/reportorio\/penitencial\/vi.a.agua.sair.pdf\">Vi a \u00e1gua sair<\/a><\/li>\n<li>Gl\u00f3ria:\u00a0<a href=\"http:\/\/coro.paroquiabaixadabanheira.org\/reportorio\/gloria\/gloria.2.vozes.pdf\">Gloria 2 Vozes<\/a><\/li>\n<li>Salmo :\u00a0117<em> (118) <a href=\"http:\/\/www.liturgia.pt\/multimedia\/mp3\/SalmosResponsoriais\/029_Pas02AIIDom-AclamaiOSenhor.mp3\">\u201dAclamai o Senhor, porque Ele \u00e9 bom; o seu amor \u00e9 para sempre.\u201d<\/a><\/em><\/li>\n<li>Aclama\u00e7\u00e3o ao Evangelho:\u00a0 <a href=\"http:\/\/coro.paroquiabaixadabanheira.org\/reportorio\/pascoa\/aleluia.pascal.pdf\">Aleluia Pascal<\/a>\u00a0<strong>\u201cDisse o Senhor a Tom\u00e9: \u00abPorque Me viste, acreditaste; felizes os que acreditam sem terem visto.\u201d<\/strong><\/li>\n<li>Ora\u00e7\u00e3o dos Fi\u00e9is: <a href=\"http:\/\/coro.paroquiabaixadabanheira.org\/reportorio\/aclamacao\/oracao.universal.pdf\">Respostas<\/a><\/li>\n<li>Apresenta\u00e7\u00e3o dos Dons:\u00a0<a href=\"http:\/\/coro.paroquiabaixadabanheira.org\/reportorio\/pascoa\/eu.vi.meu.deus.e.senhor.pdf\">Eu Vi Meu Deus e Senhor<\/a><\/li>\n<li>Santo: <a href=\"http:\/\/coro.paroquiabaixadabanheira.org\/reportorio\/santo\/santo.carlos.silva.pdf\">Santo Carlos Silva<\/a><\/li>\n<li>Cordeiro: <a href=\"http:\/\/coro.paroquiabaixadabanheira.org\/reportorio\/cordeiro\/cordeiro.cartageno2.pdf\">Cordeiro\u00a02 Cartageno<\/a><\/li>\n<li>Comunh\u00e3o:\u00a0 <a href=\"http:\/\/coro.paroquiabaixadabanheira.org\/reportorio\/pascoa\/porque.me.ves.acreditas.pdf\">Porque me v\u00eas, acreditas<\/a>\u00a0ou <a href=\"http:\/\/coro.paroquiabaixadabanheira.org\/reportorio\/pascoa\/jesus.cristo.venceu.a.morte.pdf\">Jesus Cristo Venceu a Morte<\/a><\/li>\n<li>Ac\u00e7\u00e3o de Gra\u00e7as: <a href=\"http:\/\/coro.paroquiabaixadabanheira.org\/reportorio\/pascoa\/nasceu.o.sol.da.pascoa.pdf\">Nasceu o Sol da P\u00e1scoa<\/a><\/li>\n<li>Final:\u00a0<a href=\"http:\/\/coro.paroquiabaixadabanheira.org\/reportorio\/pascoa\/ressuscitou.pdf\">Resssuscitou<\/a><\/li>\n<\/ul>\n<p>Trazer:<\/p>\n<ul>\n<li><a href=\"http:\/\/coro.paroquiabaixadabanheira.org\/reportorio\/cordeiro\/cordeiro.de.deus.azevedo.pdf\">Cordeiro (Azevedo Oliveira)<\/a><\/li>\n<li><a href=\"http:\/\/coro.paroquiabaixadabanheira.org\/reportorio\/diversos\/familia.crista.pdf\">Familia Crist\u00e3<\/a><\/li>\n<li><a href=\"http:\/\/coro.paroquiabaixadabanheira.org\/reportorio\/diversos\/senhor.fazeime.instrumento.pdf\">Senhor, Fazei-me Instrumento<\/a><\/li>\n<li><a href=\"http:\/\/coro.paroquiabaixadabanheira.org\/reportorio\/pentecostes\/cristo.precisa.de.ti.pdf\">Cristo Precisa de Ti<\/a><\/li>\n<li><a href=\"http:\/\/coro.paroquiabaixadabanheira.org\/reportorio\/diversos\/como.o.pai.me.amou.pdf\">Como o pai\u00a0me amou<\/a><\/li>\n<li><a href=\"http:\/\/coro.paroquiabaixadabanheira.org\/reportorio\/diversos\/nos.amou.pdf\">Nos amou<\/a><\/li>\n<\/ul>\n","protected":false},"excerpt":{"rendered":"<p>Devido a realiza\u00e7\u00e3o das promessas dos escuteiros na eucaristia de domingo (08\/04)\u00a0\u00e1s 11h30, iremos cantar na eucaristia de s\u00e1bado (07\/04)\u00a0\u00e1s 19h00. Agrade\u00e7o a vossa disponibilidade. C\u00e2nticos para\u00a0o II Domingo\u00a0da\u00a0P\u00e1scoa \u2013\u00a0Ano\u00a0B\u00a0(liturgia) Entrada: O Senhor Ressuscitou Verdadeiramente Acto Penitencial: Kyrie Eleison (M\u00e1rio &hellip;<\/p>\n<p class=\"read-more\"> <a class=\"more-link\" href=\"https:\/\/coro.paroquiabaixadabanheira.org\/?p=2694\"> <span class=\"screen-reader-text\">Domingo II da P\u00e1scoa<\/span> Read More &raquo;<\/a><\/p>\n","protected":false},"author":3,"featured_media":0,"comment_status":"open","ping_status":"open","sticky":false,"template":"","format":"standard","meta":{"footnotes":""},"categories":[3],"tags":[],"class_list":["post-2694","post","type-post","status-publish","format-standard","hentry","category-ensaios"],"_links":{"self":[{"href":"https:\/\/coro.paroquiabaixadabanheira.org\/index.php?rest_route=\/wp\/v2\/posts\/2694","targetHints":{"allow":["GET"]}}],"collection":[{"href":"https:\/\/coro.paroquiabaixadabanheira.org\/index.php?rest_route=\/wp\/v2\/posts"}],"about":[{"href":"https:\/\/coro.paroquiabaixadabanheira.org\/index.php?rest_route=\/wp\/v2\/types\/post"}],"author":[{"embeddable":true,"href":"https:\/\/coro.paroquiabaixadabanheira.org\/index.php?rest_route=\/wp\/v2\/users\/3"}],"replies":[{"embeddable":true,"href":"https:\/\/coro.paroquiabaixadabanheira.org\/index.php?rest_route=%2Fwp%2Fv2%2Fcomments&post=2694"}],"version-history":[{"count":6,"href":"https:\/\/coro.paroquiabaixadabanheira.org\/index.php?rest_route=\/wp\/v2\/posts\/2694\/revisions"}],"predecessor-version":[{"id":2701,"href":"https:\/\/coro.paroquiabaixadabanheira.org\/index.php?rest_route=\/wp\/v2\/posts\/2694\/revisions\/2701"}],"wp:attachment":[{"href":"https:\/\/coro.paroquiabaixadabanheira.org\/index.php?rest_route=%2Fwp%2Fv2%2Fmedia&parent=2694"}],"wp:term":[{"taxonomy":"category","embeddable":true,"href":"https:\/\/coro.paroquiabaixadabanheira.org\/index.php?rest_route=%2Fwp%2Fv2%2Fcategories&post=2694"},{"taxonomy":"post_tag","embeddable":true,"href":"https:\/\/coro.paroquiabaixadabanheira.org\/index.php?rest_route=%2Fwp%2Fv2%2Ftags&post=2694"}],"curies":[{"name":"wp","href":"https:\/\/api.w.org\/{rel}","templated":true}]}}