{"id":2716,"date":"2018-04-25T22:52:43","date_gmt":"2018-04-25T22:52:43","guid":{"rendered":"http:\/\/coro.paroquiabaixadabanheira.org\/?p=2716"},"modified":"2018-04-25T22:52:43","modified_gmt":"2018-04-25T22:52:43","slug":"domingo-v-da-pascoa-8","status":"publish","type":"post","link":"https:\/\/coro.paroquiabaixadabanheira.org\/?p=2716","title":{"rendered":"Domingo V da P\u00e1scoa"},"content":{"rendered":"<p><strong>C\u00e2nticos para\u00a0o V Domingo\u00a0da\u00a0P\u00e1scoa <\/strong><strong>\u2013\u00a0Ano\u00a0B\u00a0(<a href=\"http:\/\/www.liturgia.pt\/liturgiadiaria\/dia.php?data=2018-4-22\">liturgia)<\/a><\/strong><\/p>\n<ul>\n<li>Entrada: <a href=\"http:\/\/coro.paroquiabaixadabanheira.org\/reportorio\/entrada\/este.e.o.dia.pdf\">Este \u00e9 o dia<\/a><\/li>\n<li>Aspers\u00e3o: <a href=\"http:\/\/coro.paroquiabaixadabanheira.org\/reportorio\/penitencial\/vi.a.agua.sair.pdf\">Vi a \u00e1gua sair<\/a><\/li>\n<li>Acto Penitencial: <a href=\"http:\/\/coro.paroquiabaixadabanheira.org\/reportorio\/penitencial\/senhor.tende.piedade.2.pdf\">Senhor, Tende Piedade\u00a0(Tom\u00e1s de Aragues)<\/a><\/li>\n<li>Gl\u00f3ria:\u00a0<a href=\"http:\/\/coro.paroquiabaixadabanheira.org\/reportorio\/gloria\/gloria.2.vozes.pdf\">Gloria 2 Vozes<\/a><\/li>\n<li>Salmo :\u00a021<em> (22) <a href=\"http:\/\/www.liturgia.pt\/multimedia\/mp3\/SalmosResponsoriais\/082_Pas05BVDom-EuVosLouvo.mp3\">\u201dEu Vos louvo, Senhor, no meio da multid\u00e3o.\u201d<\/a><\/em><\/li>\n<li>Aclama\u00e7\u00e3o ao Evangelho:\u00a0 <a href=\"http:\/\/coro.paroquiabaixadabanheira.org\/reportorio\/pascoa\/aleluia.pascal.pdf\">Aleluia Pascal<\/a>\u00a0<strong>\u201cPermanecei em Mim e Eu permanecerei em v\u00f3s; quem permanece em Mim d\u00e1 muito fruto.\u201d<\/strong><\/li>\n<li>Apresenta\u00e7\u00e3o dos Dons: <a href=\"http:\/\/coro.paroquiabaixadabanheira.org\/reportorio\/ofertorio\/eu.creio.num.mundo.novo.pdf\">Eu Creio num Mundo Novo<\/a><\/li>\n<li>Santo: <a href=\"http:\/\/coro.paroquiabaixadabanheira.org\/reportorio\/santo\/santo.carlos.silva.pdf\">Santo Carlos Silva<\/a><\/li>\n<li>Cordeiro: <a href=\"http:\/\/coro.paroquiabaixadabanheira.org\/reportorio\/cordeiro\/cordeiro.cartageno2.pdf\">Cordeiro\u00a02 Cartageno<\/a><\/li>\n<li>Comunh\u00e3o:\u00a0<a href=\"http:\/\/coro.paroquiabaixadabanheira.org\/reportorio\/pascoa\/permanecei.em.mim.pdf\">Permanecei em mim<\/a><\/li>\n<li>Ac\u00e7\u00e3o de Gra\u00e7as: <a href=\"http:\/\/coro.paroquiabaixadabanheira.org\/reportorio\/pascoa\/nasceu.o.sol.da.pascoa.pdf\">Nasceu o Sol da P\u00e1scoa<\/a><\/li>\n<li>Final:\u00a0<a href=\"http:\/\/coro.paroquiabaixadabanheira.org\/reportorio\/final\/sois.a.semente.pdf\">Sois a Semente<\/a><\/li>\n<\/ul>\n<p>&nbsp;<\/p>\n<p>Trazer as musicas para o Crisma e para o concerto\u00a0a Maria:<\/p>\n<ul>\n<li><a href=\"http:\/\/coro.paroquiabaixadabanheira.org\/reportorio\/pentecostes\/cristo.precisa.de.ti.pdf\">Cristo Precisa de Ti<\/a><\/li>\n<li><a href=\"http:\/\/coro.paroquiabaixadabanheira.org\/reportorio\/pentecostes\/vem.espirito.pdf\">Vem Espirito (Marcelo Rossi)<\/a><\/li>\n<li><a href=\"http:\/\/coro.paroquiabaixadabanheira.org\/reportorio\/diversos\/como.o.pai.me.amou.pdf\">Como o pai\u00a0me amou<\/a><\/li>\n<li><a href=\"http:\/\/coro.paroquiabaixadabanheira.org\/reportorio\/diversos\/nos.amou.pdf\">Nos amou<\/a><\/li>\n<li><a href=\"http:\/\/coro.paroquiabaixadabanheira.org\/reportorio\/maria\/mae.de.jesus.mae.da.igreja.v3.pdf\">M\u00e3e de Jesus, M\u00e3e da Igreja<\/a><\/li>\n<li><a href=\"http:\/\/coro.paroquiabaixadabanheira.org\/reportorio\/maria\/ave.theotokos.pdf\">Ave Theotokos<\/a><\/li>\n<li><a href=\"http:\/\/coro.paroquiabaixadabanheira.org\/reportorio\/maria\/salve.salve.rainha.cartageno.pdf\">Salv\u00e9, Salv\u00e9 Rainha<\/a><\/li>\n<\/ul>\n","protected":false},"excerpt":{"rendered":"<p>C\u00e2nticos para\u00a0o V Domingo\u00a0da\u00a0P\u00e1scoa \u2013\u00a0Ano\u00a0B\u00a0(liturgia) Entrada: Este \u00e9 o dia Aspers\u00e3o: Vi a \u00e1gua sair Acto Penitencial: Senhor, Tende Piedade\u00a0(Tom\u00e1s de Aragues) Gl\u00f3ria:\u00a0Gloria 2 Vozes Salmo :\u00a021 (22) \u201dEu Vos louvo, Senhor, no meio da multid\u00e3o.\u201d Aclama\u00e7\u00e3o ao Evangelho:\u00a0 Aleluia &hellip;<\/p>\n<p class=\"read-more\"> <a class=\"more-link\" href=\"https:\/\/coro.paroquiabaixadabanheira.org\/?p=2716\"> <span class=\"screen-reader-text\">Domingo V da P\u00e1scoa<\/span> Read More &raquo;<\/a><\/p>\n","protected":false},"author":3,"featured_media":0,"comment_status":"open","ping_status":"open","sticky":false,"template":"","format":"standard","meta":{"footnotes":""},"categories":[3],"tags":[],"class_list":["post-2716","post","type-post","status-publish","format-standard","hentry","category-ensaios"],"_links":{"self":[{"href":"https:\/\/coro.paroquiabaixadabanheira.org\/index.php?rest_route=\/wp\/v2\/posts\/2716","targetHints":{"allow":["GET"]}}],"collection":[{"href":"https:\/\/coro.paroquiabaixadabanheira.org\/index.php?rest_route=\/wp\/v2\/posts"}],"about":[{"href":"https:\/\/coro.paroquiabaixadabanheira.org\/index.php?rest_route=\/wp\/v2\/types\/post"}],"author":[{"embeddable":true,"href":"https:\/\/coro.paroquiabaixadabanheira.org\/index.php?rest_route=\/wp\/v2\/users\/3"}],"replies":[{"embeddable":true,"href":"https:\/\/coro.paroquiabaixadabanheira.org\/index.php?rest_route=%2Fwp%2Fv2%2Fcomments&post=2716"}],"version-history":[{"count":1,"href":"https:\/\/coro.paroquiabaixadabanheira.org\/index.php?rest_route=\/wp\/v2\/posts\/2716\/revisions"}],"predecessor-version":[{"id":2717,"href":"https:\/\/coro.paroquiabaixadabanheira.org\/index.php?rest_route=\/wp\/v2\/posts\/2716\/revisions\/2717"}],"wp:attachment":[{"href":"https:\/\/coro.paroquiabaixadabanheira.org\/index.php?rest_route=%2Fwp%2Fv2%2Fmedia&parent=2716"}],"wp:term":[{"taxonomy":"category","embeddable":true,"href":"https:\/\/coro.paroquiabaixadabanheira.org\/index.php?rest_route=%2Fwp%2Fv2%2Fcategories&post=2716"},{"taxonomy":"post_tag","embeddable":true,"href":"https:\/\/coro.paroquiabaixadabanheira.org\/index.php?rest_route=%2Fwp%2Fv2%2Ftags&post=2716"}],"curies":[{"name":"wp","href":"https:\/\/api.w.org\/{rel}","templated":true}]}}