{"id":2719,"date":"2018-05-01T18:46:26","date_gmt":"2018-05-01T18:46:26","guid":{"rendered":"http:\/\/coro.paroquiabaixadabanheira.org\/?p=2719"},"modified":"2018-05-01T18:46:26","modified_gmt":"2018-05-01T18:46:26","slug":"terco-e-ensaio-extra-2","status":"publish","type":"post","link":"https:\/\/coro.paroquiabaixadabanheira.org\/?p=2719","title":{"rendered":"Ter\u00e7o e Ensaio Extra"},"content":{"rendered":"<div>A semelhan\u00e7a dos anos anteriores, <strong>todas as quintas-feiras durante o\u00a0m\u00eas de Maio<\/strong>, o coro esta respons\u00e1vel pelos c\u00e2nticos na recita\u00e7\u00e3o do ter\u00e7o \u00e1s 21h.<\/div>\n<div>Deveremos estar todos presentes \u00e1s 20h55.<\/div>\n<div>Depois da recita\u00e7\u00e3o do ter\u00e7o temos um ensaio extra (+\/- 30 minutos)\u00a0para\u00a0ensaiarmos\u00a0as musicas para o concerto alusivo a Maria:<\/div>\n<div>\n<ul>\n<li><a href=\"http:\/\/coro.paroquiabaixadabanheira.org\/reportorio\/maria\/mae.de.jesus.mae.da.igreja.v3.pdf\">M\u00e3e de Jesus, M\u00e3e da Igreja<\/a><\/li>\n<li><a href=\"http:\/\/coro.paroquiabaixadabanheira.org\/reportorio\/maria\/ave.theotokos.pdf\">Ave Theotokos<\/a><\/li>\n<li><a href=\"http:\/\/coro.paroquiabaixadabanheira.org\/reportorio\/maria\/salve.salve.rainha.cartageno.pdf\">Salv\u00e9, Salv\u00e9 Rainha<\/a><\/li>\n<\/ul>\n<p>Agrade\u00e7o a vossa disponibilidade.<\/p>\n<\/div>\n<div>Ordem das musicas para o ter\u00e7o desta quinta-feira, dia\u00a03 de Maio:<\/div>\n<ul>\n<li>Inicio: <a href=\"http:\/\/coro.paroquiabaixadabanheira.org\/reportorio\/maria\/ave.maria.gratia.plena.pdf\">Gratia Plena<\/a>\u00a0(1\u00ba estrofe)<\/li>\n<li>1\u00baMist\u00e9rio: <a href=\"http:\/\/coro.paroquiabaixadabanheira.org\/reportorio\/maria\/ave.maria.gratia.plena.pdf\">Gratia Plena<\/a>\u00a0(2\u00ba estrofe)<\/li>\n<li>2\u00baMist\u00e9rio: <a href=\"http:\/\/coro.paroquiabaixadabanheira.org\/reportorio\/maria\/ave.maria.gratia.plena.pdf\">Gratia Plena<\/a>\u00a0(3\u00ba estrofe)<\/li>\n<li>3\u00baMist\u00e9rio: <a href=\"http:\/\/coro.paroquiabaixadabanheira.org\/reportorio\/maria\/senhora.nos.vos.cantamos.pdf\">Senhora, n\u00f3s vos cantamos<\/a>\u00a0(1\u00ba estrofe)<\/li>\n<li>4\u00baMist\u00e9rio: <a href=\"http:\/\/coro.paroquiabaixadabanheira.org\/reportorio\/maria\/senhora.nos.vos.cantamos.pdf\">Senhora, n\u00f3s vos cantamos<\/a>\u00a0(2\u00ba estrofe)<\/li>\n<li>5\u00baMist\u00e9rio: <a href=\"http:\/\/coro.paroquiabaixadabanheira.org\/reportorio\/maria\/senhora.nos.vos.cantamos.pdf\">Senhora, n\u00f3s vos cantamos<\/a>\u00a0(3\u00ba estrofe)<\/li>\n<li>Final: <a href=\"http:\/\/coro.paroquiabaixadabanheira.org\/reportorio\/maria\/a.treze.de.maio.pdf\">A treze de Maio<\/a><\/li>\n<\/ul>\n","protected":false},"excerpt":{"rendered":"<p>A semelhan\u00e7a dos anos anteriores, todas as quintas-feiras durante o\u00a0m\u00eas de Maio, o coro esta respons\u00e1vel pelos c\u00e2nticos na recita\u00e7\u00e3o do ter\u00e7o \u00e1s 21h. Deveremos estar todos presentes \u00e1s 20h55. Depois da recita\u00e7\u00e3o do ter\u00e7o temos um ensaio extra (+\/- &hellip;<\/p>\n<p class=\"read-more\"> <a class=\"more-link\" href=\"https:\/\/coro.paroquiabaixadabanheira.org\/?p=2719\"> <span class=\"screen-reader-text\">Ter\u00e7o e Ensaio Extra<\/span> Read More &raquo;<\/a><\/p>\n","protected":false},"author":3,"featured_media":0,"comment_status":"open","ping_status":"open","sticky":false,"template":"","format":"standard","meta":{"footnotes":""},"categories":[3],"tags":[],"class_list":["post-2719","post","type-post","status-publish","format-standard","hentry","category-ensaios"],"_links":{"self":[{"href":"https:\/\/coro.paroquiabaixadabanheira.org\/index.php?rest_route=\/wp\/v2\/posts\/2719","targetHints":{"allow":["GET"]}}],"collection":[{"href":"https:\/\/coro.paroquiabaixadabanheira.org\/index.php?rest_route=\/wp\/v2\/posts"}],"about":[{"href":"https:\/\/coro.paroquiabaixadabanheira.org\/index.php?rest_route=\/wp\/v2\/types\/post"}],"author":[{"embeddable":true,"href":"https:\/\/coro.paroquiabaixadabanheira.org\/index.php?rest_route=\/wp\/v2\/users\/3"}],"replies":[{"embeddable":true,"href":"https:\/\/coro.paroquiabaixadabanheira.org\/index.php?rest_route=%2Fwp%2Fv2%2Fcomments&post=2719"}],"version-history":[{"count":1,"href":"https:\/\/coro.paroquiabaixadabanheira.org\/index.php?rest_route=\/wp\/v2\/posts\/2719\/revisions"}],"predecessor-version":[{"id":2720,"href":"https:\/\/coro.paroquiabaixadabanheira.org\/index.php?rest_route=\/wp\/v2\/posts\/2719\/revisions\/2720"}],"wp:attachment":[{"href":"https:\/\/coro.paroquiabaixadabanheira.org\/index.php?rest_route=%2Fwp%2Fv2%2Fmedia&parent=2719"}],"wp:term":[{"taxonomy":"category","embeddable":true,"href":"https:\/\/coro.paroquiabaixadabanheira.org\/index.php?rest_route=%2Fwp%2Fv2%2Fcategories&post=2719"},{"taxonomy":"post_tag","embeddable":true,"href":"https:\/\/coro.paroquiabaixadabanheira.org\/index.php?rest_route=%2Fwp%2Fv2%2Ftags&post=2719"}],"curies":[{"name":"wp","href":"https:\/\/api.w.org\/{rel}","templated":true}]}}