{"id":2780,"date":"2018-07-18T23:24:12","date_gmt":"2018-07-18T23:24:12","guid":{"rendered":"http:\/\/coro.paroquiabaixadabanheira.org\/?p=2780"},"modified":"2018-07-18T23:24:52","modified_gmt":"2018-07-18T23:24:52","slug":"domingo-xvi-do-tempo-comum-9","status":"publish","type":"post","link":"https:\/\/coro.paroquiabaixadabanheira.org\/?p=2780","title":{"rendered":"Domingo XVI do Tempo Comum"},"content":{"rendered":"<p><strong>C\u00e2nticos para\u00a0o XVI Domingo do\u00a0tempo Comum \u2013 Ano\u00a0B<\/strong>\u00a0(<a href=\"http:\/\/www.liturgia.pt\/liturgiadiaria\/dia.php?data=2018-7-22\">Liturgia<\/a>)<\/p>\n<ul>\n<li>Entrada: <a href=\"http:\/\/coro.paroquiabaixadabanheira.org\/reportorio\/entrada\/deus.vem.em.meu.aux\u00edlio.pdf\">Deus vem em meu auxilio<\/a>\u00a0ou <a href=\"http:\/\/coro.paroquiabaixadabanheira.org\/reportorio\/entrada\/escutai.senhor.a.prece.pdf\">Escutai, Senhor, a prece<\/a><\/li>\n<li>Acto Penitencial: <a href=\"http:\/\/coro.paroquiabaixadabanheira.org\/reportorio\/penitencial\/kyrie.10.pdf\">kyrie 10<\/a><\/li>\n<li>Salmo\u00a022 <em>(23)<\/em>\u00a0 <a href=\"http:\/\/www.liturgia.pt\/multimedia\/mp3\/SalmosResponsoriais\/100_TC_B_16Dom-OSenhorEMeuPastor.mp3\"><em>\u201dO Senhor \u00e9 meu pastor: nada me faltar\u00e1\u201d<\/em><\/a><\/li>\n<li>Aclama\u00e7\u00e3o ao Evangelho:\u00a0<a href=\"http:\/\/coro.paroquiabaixadabanheira.org\/reportorio\/aclama\/aleluia.manuel.simoes.pdf\">Aleluia (Manuel Sim\u00f5es)<\/a>\u00a0<strong>\u201cAs minhas ovelhas escutam a minha voz, diz o Senhor; Eu conhe\u00e7o as minhas ovelhas e elas seguem-Me.\u201d<\/strong><\/li>\n<li>Apresenta\u00e7\u00e3o dos Dons: <a href=\"http:\/\/coro.paroquiabaixadabanheira.org\/reportorio\/ofertorio\/vinde.a.mim.todos.vos.pdf\">Vinde a mim, todos v\u00f3s<\/a><\/li>\n<li>Santo: <a href=\"http:\/\/coro.paroquiabaixadabanheira.org\/reportorio\/santo\/santo.j.paulo.abreu.pdf\">Santo\u00a0(Jos\u00e9 Abreu)<\/a><\/li>\n<li>Cordeiro: <a href=\"http:\/\/coro.paroquiabaixadabanheira.org\/reportorio\/cordeiro\/cordeiro.cartageno.pdf\">Cordeiro (A. Cartageno)<\/a>\u00a0ou <a href=\"http:\/\/coro.paroquiabaixadabanheira.org\/reportorio\/cordeiro\/cordeiro.cartageno2.pdf\">Cordeiro\u00a02 Cartageno<\/a><\/li>\n<li>Comunh\u00e3o: <a href=\"http:\/\/coro.paroquiabaixadabanheira.org\/reportorio\/comunhao\/deus.e.bom.pastor.pdf\">Deus \u00e9 bom pastor<\/a>\u00a0ou <a href=\"http:\/\/coro.paroquiabaixadabanheira.org\/reportorio\/comunhao\/cordeiro.de.deus.carlos.silva.pdf\">O Cordeiro de Deus \u00e9 o nosso Pastor<\/a><\/li>\n<li>Ac\u00e7\u00e3o de Gra\u00e7as: <a href=\"http:\/\/coro.paroquiabaixadabanheira.org\/reportorio\/taize\/o.senhor.e.a.minha.forca.pdf\">O Senhor \u00e9 a minha for\u00e7a<\/a><\/li>\n<li>Final:\u00a0<a href=\"http:\/\/coro.paroquiabaixadabanheira.org\/reportorio\/final\/jesus.cristo.ontem.hoje.pdf\">Jesus Cristo, Ontem e Hoje<\/a>\u00a0ou <a href=\"http:\/\/coro.paroquiabaixadabanheira.org\/reportorio\/entrada\/igreja.peregrina.pdf\">Igreja Peregrina<\/a><\/li>\n<\/ul>\n<p>Trazer:<\/p>\n<ul>\n<li><a href=\"http:\/\/coro.paroquiabaixadabanheira.org\/reportorio\/cordeiro\/cordeiro.de.deus.azevedo.pdf\">Cordeiro (Azevedo Oliveira)<\/a><\/li>\n<li><a href=\"http:\/\/coro.paroquiabaixadabanheira.org\/reportorio\/diversos\/hino.do.acolito.pdf\">Hino do Ac\u00f3lito<\/a><\/li>\n<\/ul>\n","protected":false},"excerpt":{"rendered":"<p>C\u00e2nticos para\u00a0o XVI Domingo do\u00a0tempo Comum \u2013 Ano\u00a0B\u00a0(Liturgia) Entrada: Deus vem em meu auxilio\u00a0ou Escutai, Senhor, a prece Acto Penitencial: kyrie 10 Salmo\u00a022 (23)\u00a0 \u201dO Senhor \u00e9 meu pastor: nada me faltar\u00e1\u201d Aclama\u00e7\u00e3o ao Evangelho:\u00a0Aleluia (Manuel Sim\u00f5es)\u00a0\u201cAs minhas ovelhas escutam &hellip;<\/p>\n<p class=\"read-more\"> <a class=\"more-link\" href=\"https:\/\/coro.paroquiabaixadabanheira.org\/?p=2780\"> <span class=\"screen-reader-text\">Domingo XVI do Tempo Comum<\/span> Read More &raquo;<\/a><\/p>\n","protected":false},"author":3,"featured_media":0,"comment_status":"open","ping_status":"open","sticky":false,"template":"","format":"standard","meta":{"footnotes":""},"categories":[3],"tags":[],"class_list":["post-2780","post","type-post","status-publish","format-standard","hentry","category-ensaios"],"_links":{"self":[{"href":"https:\/\/coro.paroquiabaixadabanheira.org\/index.php?rest_route=\/wp\/v2\/posts\/2780","targetHints":{"allow":["GET"]}}],"collection":[{"href":"https:\/\/coro.paroquiabaixadabanheira.org\/index.php?rest_route=\/wp\/v2\/posts"}],"about":[{"href":"https:\/\/coro.paroquiabaixadabanheira.org\/index.php?rest_route=\/wp\/v2\/types\/post"}],"author":[{"embeddable":true,"href":"https:\/\/coro.paroquiabaixadabanheira.org\/index.php?rest_route=\/wp\/v2\/users\/3"}],"replies":[{"embeddable":true,"href":"https:\/\/coro.paroquiabaixadabanheira.org\/index.php?rest_route=%2Fwp%2Fv2%2Fcomments&post=2780"}],"version-history":[{"count":2,"href":"https:\/\/coro.paroquiabaixadabanheira.org\/index.php?rest_route=\/wp\/v2\/posts\/2780\/revisions"}],"predecessor-version":[{"id":2782,"href":"https:\/\/coro.paroquiabaixadabanheira.org\/index.php?rest_route=\/wp\/v2\/posts\/2780\/revisions\/2782"}],"wp:attachment":[{"href":"https:\/\/coro.paroquiabaixadabanheira.org\/index.php?rest_route=%2Fwp%2Fv2%2Fmedia&parent=2780"}],"wp:term":[{"taxonomy":"category","embeddable":true,"href":"https:\/\/coro.paroquiabaixadabanheira.org\/index.php?rest_route=%2Fwp%2Fv2%2Fcategories&post=2780"},{"taxonomy":"post_tag","embeddable":true,"href":"https:\/\/coro.paroquiabaixadabanheira.org\/index.php?rest_route=%2Fwp%2Fv2%2Ftags&post=2780"}],"curies":[{"name":"wp","href":"https:\/\/api.w.org\/{rel}","templated":true}]}}