{"id":2789,"date":"2018-08-03T00:45:36","date_gmt":"2018-08-03T00:45:36","guid":{"rendered":"http:\/\/coro.paroquiabaixadabanheira.org\/?p=2789"},"modified":"2018-08-03T00:45:42","modified_gmt":"2018-08-03T00:45:42","slug":"ferias-do-grupo-coral-5","status":"publish","type":"post","link":"https:\/\/coro.paroquiabaixadabanheira.org\/?p=2789","title":{"rendered":"F\u00e9rias do Grupo Coral"},"content":{"rendered":"<p>Como j\u00e1 vai sendo h\u00e1bito no m\u00eas de Agosto,\u00a0o Grupo Coral\u00a0cessa\u00a0temporariamente o servi\u00e7o prestado \u00e0 par\u00f3quia e\u00a0\u00e0 comunidade por motivo de f\u00e9rias.<\/p>\n<p>Ser\u00e1 um bom per\u00edodo para descansar as cordas vocais e fazer uma autoavalia\u00e7\u00e3o da sua participa\u00e7\u00e3o\u00a0e motiva\u00e7\u00e3o no grupo coral\u00a0neste per\u00edodo que passou.<\/p>\n<p>No\u00a0geral conseguimos\u00a0mais uma vez superar\u00a0os desafios\u00a0propostos. Ser\u00e1 mais exigente no pr\u00f3ximo ano Pastoral.<\/p>\n<p>Ser\u00e3o retomados os ensaios no dia\u00a0<strong>31 de Agosto,<\/strong> sexta-feira \u00e0s 21h na igreja.<\/p>\n<p>Para os nosso seguidores desejamos tamb\u00e9m\u00a0umas boas f\u00e9rias.<\/p>\n<p>Paz e Bem<\/p>\n","protected":false},"excerpt":{"rendered":"<p>Como j\u00e1 vai sendo h\u00e1bito no m\u00eas de Agosto,\u00a0o Grupo Coral\u00a0cessa\u00a0temporariamente o servi\u00e7o prestado \u00e0 par\u00f3quia e\u00a0\u00e0 comunidade por motivo de f\u00e9rias. Ser\u00e1 um bom per\u00edodo para descansar as cordas vocais e fazer uma autoavalia\u00e7\u00e3o da sua participa\u00e7\u00e3o\u00a0e motiva\u00e7\u00e3o no &hellip;<\/p>\n<p class=\"read-more\"> <a class=\"more-link\" href=\"https:\/\/coro.paroquiabaixadabanheira.org\/?p=2789\"> <span class=\"screen-reader-text\">F\u00e9rias do Grupo Coral<\/span> Read More &raquo;<\/a><\/p>\n","protected":false},"author":3,"featured_media":0,"comment_status":"open","ping_status":"open","sticky":false,"template":"","format":"standard","meta":{"footnotes":""},"categories":[4],"tags":[],"class_list":["post-2789","post","type-post","status-publish","format-standard","hentry","category-noticias"],"_links":{"self":[{"href":"https:\/\/coro.paroquiabaixadabanheira.org\/index.php?rest_route=\/wp\/v2\/posts\/2789","targetHints":{"allow":["GET"]}}],"collection":[{"href":"https:\/\/coro.paroquiabaixadabanheira.org\/index.php?rest_route=\/wp\/v2\/posts"}],"about":[{"href":"https:\/\/coro.paroquiabaixadabanheira.org\/index.php?rest_route=\/wp\/v2\/types\/post"}],"author":[{"embeddable":true,"href":"https:\/\/coro.paroquiabaixadabanheira.org\/index.php?rest_route=\/wp\/v2\/users\/3"}],"replies":[{"embeddable":true,"href":"https:\/\/coro.paroquiabaixadabanheira.org\/index.php?rest_route=%2Fwp%2Fv2%2Fcomments&post=2789"}],"version-history":[{"count":2,"href":"https:\/\/coro.paroquiabaixadabanheira.org\/index.php?rest_route=\/wp\/v2\/posts\/2789\/revisions"}],"predecessor-version":[{"id":2791,"href":"https:\/\/coro.paroquiabaixadabanheira.org\/index.php?rest_route=\/wp\/v2\/posts\/2789\/revisions\/2791"}],"wp:attachment":[{"href":"https:\/\/coro.paroquiabaixadabanheira.org\/index.php?rest_route=%2Fwp%2Fv2%2Fmedia&parent=2789"}],"wp:term":[{"taxonomy":"category","embeddable":true,"href":"https:\/\/coro.paroquiabaixadabanheira.org\/index.php?rest_route=%2Fwp%2Fv2%2Fcategories&post=2789"},{"taxonomy":"post_tag","embeddable":true,"href":"https:\/\/coro.paroquiabaixadabanheira.org\/index.php?rest_route=%2Fwp%2Fv2%2Ftags&post=2789"}],"curies":[{"name":"wp","href":"https:\/\/api.w.org\/{rel}","templated":true}]}}