{"id":2793,"date":"2018-08-29T22:23:29","date_gmt":"2018-08-29T22:23:29","guid":{"rendered":"http:\/\/coro.paroquiabaixadabanheira.org\/?p=2793"},"modified":"2018-08-29T22:23:29","modified_gmt":"2018-08-29T22:23:29","slug":"domingo-xxii-do-tempo-comum-3","status":"publish","type":"post","link":"https:\/\/coro.paroquiabaixadabanheira.org\/?p=2793","title":{"rendered":"Domingo XXII do Tempo Comum"},"content":{"rendered":"<p>Inicio dos ensaios do novo Ano Pastoral 2018\/2019 &#8211;\u00a0dia<strong>\u00a031 de\u00a0Agosto \u00e0s 21h\u00a0<\/strong><\/p>\n<p><strong>C\u00e2nticos para\u00a0o XXII Domingo do\u00a0tempo Comum \u2013 Ano\u00a0B<\/strong>\u00a0(<a href=\"http:\/\/www.liturgia.pt\/liturgiadiaria\/dia.php?data=2018-9-2\">Liturgia<\/a>)<\/p>\n<ul>\n<li>Entrada:\u00a0<a href=\"http:\/\/coro.paroquiabaixadabanheira.org\/reportorio\/entrada\/feliz.o.povo.pdf\">Feliz o Povo<\/a> ou <a href=\"http:\/\/coro.paroquiabaixadabanheira.org\/reportorio\/entrada\/eu.vos.invoco.senhor.pdf\">Eu Vos Invoco Senhor<\/a><\/li>\n<li>Acto Penitencial: <a href=\"http:\/\/coro.paroquiabaixadabanheira.org\/reportorio\/penitencial\/senhor.tende.piedade.2.pdf\">Senhor, Tende Piedade\u00a0(Tom\u00e1s de Aragues)<\/a><\/li>\n<li>Salmo\u00a014 <em>(15)<\/em>\u00a0 <a href=\"http:\/\/www.liturgia.pt\/multimedia\/mp3\/SalmosResponsoriais\/104_TC_B_22Dom-Ensinai-meSenhor.mp3\"><em>\u201dEnsinai-nos, Senhor: Quem viver\u00e1 em vossa casa. Ensinai-nos, Senhor\u201d<\/em><\/a><\/li>\n<li>Aclama\u00e7\u00e3o ao Evangelho:\u00a0<a href=\"http:\/\/coro.paroquiabaixadabanheira.org\/reportorio\/aclama\/aleluia.pdf\">Aleluia\u00a0(Jos\u00e9 Ant\u00f3nio)<\/a>\u00a0<strong>\u201cDeus Pai nos gerou pela palavra da verdade, para sermos como prim\u00edcias das suas criaturas.\u201d<\/strong><\/li>\n<li>Apresenta\u00e7\u00e3o dos Dons: <a href=\"http:\/\/coro.paroquiabaixadabanheira.org\/reportorio\/ofertorio\/tens.palavras.de.vida.eterna.pdf\">Tens palavras de vida eterna<\/a><\/li>\n<li>Santo: <a href=\"http:\/\/coro.paroquiabaixadabanheira.org\/reportorio\/santo\/santo.j.paulo.abreu.pdf\">Santo\u00a0(Jos\u00e9 Abreu)<\/a><\/li>\n<li>Cordeiro: <a href=\"http:\/\/coro.paroquiabaixadabanheira.org\/reportorio\/cordeiro\/cordeiro.aragues.pdf\">Cordeiro (Aragues)<\/a><\/li>\n<li>Comunh\u00e3o: <a href=\"http:\/\/coro.paroquiabaixadabanheira.org\/reportorio\/comunhao\/se.cumprirdes.os.meus.mandamentos.pdf\">Se cumprirdes os meus mandamentos<\/a><\/li>\n<li>Ac\u00e7\u00e3o de Gra\u00e7as: <a href=\"http:\/\/coro.paroquiabaixadabanheira.org\/reportorio\/comunhao\/bem.aventurados.os.puros.pdf\">Bem-aventurados os puros de cora\u00e7\u00e3o<\/a><\/li>\n<li>Final:\u00a0 <a href=\"http:\/\/coro.paroquiabaixadabanheira.org\/reportorio\/quaresma\/e.preciso.renascer.pdf\">\u00c9 Preciso Renascer<\/a><\/li>\n<\/ul>\n<p>Trazer:<\/p>\n<ul>\n<li><a href=\"http:\/\/coro.paroquiabaixadabanheira.org\/reportorio\/cordeiro\/cordeiro.de.deus.azevedo.pdf\">Cordeiro (Azevedo Oliveira)<\/a><\/li>\n<li><a href=\"http:\/\/coro.paroquiabaixadabanheira.org\/reportorio\/diversos\/hino.do.acolito.pdf\">Hino do Ac\u00f3lito<\/a><\/li>\n<\/ul>\n","protected":false},"excerpt":{"rendered":"<p>Inicio dos ensaios do novo Ano Pastoral 2018\/2019 &#8211;\u00a0dia\u00a031 de\u00a0Agosto \u00e0s 21h\u00a0 C\u00e2nticos para\u00a0o XXII Domingo do\u00a0tempo Comum \u2013 Ano\u00a0B\u00a0(Liturgia) Entrada:\u00a0Feliz o Povo ou Eu Vos Invoco Senhor Acto Penitencial: Senhor, Tende Piedade\u00a0(Tom\u00e1s de Aragues) Salmo\u00a014 (15)\u00a0 \u201dEnsinai-nos, Senhor: Quem &hellip;<\/p>\n<p class=\"read-more\"> <a class=\"more-link\" href=\"https:\/\/coro.paroquiabaixadabanheira.org\/?p=2793\"> <span class=\"screen-reader-text\">Domingo XXII do Tempo Comum<\/span> Read More &raquo;<\/a><\/p>\n","protected":false},"author":3,"featured_media":0,"comment_status":"open","ping_status":"open","sticky":false,"template":"","format":"standard","meta":{"footnotes":""},"categories":[3],"tags":[],"class_list":["post-2793","post","type-post","status-publish","format-standard","hentry","category-ensaios"],"_links":{"self":[{"href":"https:\/\/coro.paroquiabaixadabanheira.org\/index.php?rest_route=\/wp\/v2\/posts\/2793","targetHints":{"allow":["GET"]}}],"collection":[{"href":"https:\/\/coro.paroquiabaixadabanheira.org\/index.php?rest_route=\/wp\/v2\/posts"}],"about":[{"href":"https:\/\/coro.paroquiabaixadabanheira.org\/index.php?rest_route=\/wp\/v2\/types\/post"}],"author":[{"embeddable":true,"href":"https:\/\/coro.paroquiabaixadabanheira.org\/index.php?rest_route=\/wp\/v2\/users\/3"}],"replies":[{"embeddable":true,"href":"https:\/\/coro.paroquiabaixadabanheira.org\/index.php?rest_route=%2Fwp%2Fv2%2Fcomments&post=2793"}],"version-history":[{"count":3,"href":"https:\/\/coro.paroquiabaixadabanheira.org\/index.php?rest_route=\/wp\/v2\/posts\/2793\/revisions"}],"predecessor-version":[{"id":2796,"href":"https:\/\/coro.paroquiabaixadabanheira.org\/index.php?rest_route=\/wp\/v2\/posts\/2793\/revisions\/2796"}],"wp:attachment":[{"href":"https:\/\/coro.paroquiabaixadabanheira.org\/index.php?rest_route=%2Fwp%2Fv2%2Fmedia&parent=2793"}],"wp:term":[{"taxonomy":"category","embeddable":true,"href":"https:\/\/coro.paroquiabaixadabanheira.org\/index.php?rest_route=%2Fwp%2Fv2%2Fcategories&post=2793"},{"taxonomy":"post_tag","embeddable":true,"href":"https:\/\/coro.paroquiabaixadabanheira.org\/index.php?rest_route=%2Fwp%2Fv2%2Ftags&post=2793"}],"curies":[{"name":"wp","href":"https:\/\/api.w.org\/{rel}","templated":true}]}}