{"id":2870,"date":"2018-11-29T01:17:46","date_gmt":"2018-11-29T01:17:46","guid":{"rendered":"http:\/\/coro.paroquiabaixadabanheira.org\/?p=2870"},"modified":"2018-11-29T01:17:46","modified_gmt":"2018-11-29T01:17:46","slug":"domingo-i-do-advento-ano-c-3","status":"publish","type":"post","link":"https:\/\/coro.paroquiabaixadabanheira.org\/?p=2870","title":{"rendered":"Domingo I do Advento (Ano C)"},"content":{"rendered":"<p>Come\u00e7a no pr\u00f3ximo domingo, (mais precisamente nas missas vespertinas de s\u00e1bado) o Advento, o tempo forte do ano lit\u00fargico que prepara o Natal. O primeiro domingo do Advento abre o novo ano lit\u00fargico \u2013\u00a0Ano C, em que predomina o Evangelho de S. Lucas.<\/p>\n<p>O Tempo do Advento, que antecede e prepara a celebra\u00e7\u00e3o do Natal, ocupa um lugar importante e apresenta uma espiritualidade rica de doutrina teol\u00f3gica e de vida crist\u00e3. As suas quatro semanas proporcionam uma caminhada de esperan\u00e7a que conduz a Bel\u00e9m e \u00e0 \u00faltima vinda no fim da hist\u00f3ria humana. <em>(in Secretariado Nacional da Liturgia)<\/em><\/p>\n<p><strong>C\u00e2nticos para\u00a0o\u00a0I Domingo do\u00a0Advento\u2013 Ano\u00a0C<\/strong>\u00a0(<a href=\"http:\/\/www.liturgia.pt\/liturgiadiaria\/dia.php?data=2018-12-2\">Liturgia<\/a>)<\/p>\n<ul>\n<li>Entrada: <a href=\"http:\/\/coro.paroquiabaixadabanheira.org\/reportorio\/entrada\/senhor.jesus.nos.vamos.a.ti.pdf\">Senhor Jesus, N\u00f3s Vamos a Ti<\/a>\u00a0(Refr\u00e3o do Advento)<\/li>\n<li>Coroa do Advento: <a href=\"http:\/\/coro.paroquiabaixadabanheira.org\/reportorio\/advento\/vem.senhor.jesus.pdf\">Vem Senhor Jesus<\/a><\/li>\n<li>Acto Penitencial: <a href=\"http:\/\/coro.paroquiabaixadabanheira.org\/reportorio\/penitencial\/kyrie.10.pdf\">kyrie 10<\/a><\/li>\n<li>Salmo\u00a024 (25)\u00a0<a href=\"http:\/\/www.liturgia.pt\/multimedia\/mp3\/SalmosResponsoriais\/120_Adv01CIDom-ParaVosSenhor.mp3\"><em>\u201d Para V\u00f3s, Senhor, elevo a minha alma\u201d<\/em><\/a><\/li>\n<li>Aclama\u00e7\u00e3o ao Evangelho: <a href=\"http:\/\/coro.paroquiabaixadabanheira.org\/reportorio\/aclama\/aleluia.carlos.silva2.pdf\">Aleluia (Carlos Silva 2)<\/a>\u00a0 <strong>\u201cMostrai-nos, Senhor, a vossa miseric\u00f3rdia e dai-nos a vossa salva\u00e7\u00e3o\u201d<\/strong><\/li>\n<li>Apresenta\u00e7\u00e3o dos Dons: <a href=\"http:\/\/coro.paroquiabaixadabanheira.org\/reportorio\/advento\/estai.preparados.pdf\">Estai Preparados<\/a> ou <a href=\"http:\/\/coro.paroquiabaixadabanheira.org\/reportorio\/advento\/o.povo.jaz.pdf\">O Povo Jaz<\/a><\/li>\n<li>Santo: <a href=\"http:\/\/coro.paroquiabaixadabanheira.org\/reportorio\/santo\/santo.leonel.claro.pdf\">Santo (L. Claro)<\/a><\/li>\n<li>Cordeiro: <a href=\"http:\/\/coro.paroquiabaixadabanheira.org\/reportorio\/cordeiro\/cordeiro.de.deus.fernande.silva.pdf\">Cordeiro (Fernandes Silva)<\/a><\/li>\n<li>Comunh\u00e3o: <a href=\"http:\/\/coro.paroquiabaixadabanheira.org\/reportorio\/advento\/o.senhor.nos.dara.a.felicidade.pdf\">O Senhor nos dar\u00e1 a felicidade<\/a><\/li>\n<li>Ac\u00e7\u00e3o de Gra\u00e7as: <a href=\"http:\/\/coro.paroquiabaixadabanheira.org\/reportorio\/advento\/ave.senhora.do.advento.pdf\">Av\u00e9, Senhora do Advento<\/a>\u00a0ou <a href=\"http:\/\/coro.paroquiabaixadabanheira.org\/reportorio\/taize\/cantarei.ao.senhor.pdf\">Cantarei ao Senhor<\/a><\/li>\n<li>Final: <a href=\"http:\/\/coro.paroquiabaixadabanheira.org\/reportorio\/advento\/no.fim.dos.tempos.pdf\">No fim dos tempos<\/a><\/li>\n<\/ul>\n<p>Trazer:<\/p>\n<ul>\n<li><a href=\"http:\/\/coro.paroquiabaixadabanheira.org\/reportorio\/maria\/magnificat.pdf\">Magnificat<\/a><\/li>\n<li><a href=\"http:\/\/coro.paroquiabaixadabanheira.org\/reportorio\/maria\/magnificat.acilio.mendes.pdf\">Magnificat (Frei Ac\u00edlio Mendes)<\/a><\/li>\n<\/ul>\n","protected":false},"excerpt":{"rendered":"<p>Come\u00e7a no pr\u00f3ximo domingo, (mais precisamente nas missas vespertinas de s\u00e1bado) o Advento, o tempo forte do ano lit\u00fargico que prepara o Natal. O primeiro domingo do Advento abre o novo ano lit\u00fargico \u2013\u00a0Ano C, em que predomina o Evangelho &hellip;<\/p>\n<p class=\"read-more\"> <a class=\"more-link\" href=\"https:\/\/coro.paroquiabaixadabanheira.org\/?p=2870\"> <span class=\"screen-reader-text\">Domingo I do Advento (Ano C)<\/span> Read More &raquo;<\/a><\/p>\n","protected":false},"author":3,"featured_media":0,"comment_status":"open","ping_status":"open","sticky":false,"template":"","format":"standard","meta":{"footnotes":""},"categories":[3],"tags":[],"class_list":["post-2870","post","type-post","status-publish","format-standard","hentry","category-ensaios"],"_links":{"self":[{"href":"https:\/\/coro.paroquiabaixadabanheira.org\/index.php?rest_route=\/wp\/v2\/posts\/2870","targetHints":{"allow":["GET"]}}],"collection":[{"href":"https:\/\/coro.paroquiabaixadabanheira.org\/index.php?rest_route=\/wp\/v2\/posts"}],"about":[{"href":"https:\/\/coro.paroquiabaixadabanheira.org\/index.php?rest_route=\/wp\/v2\/types\/post"}],"author":[{"embeddable":true,"href":"https:\/\/coro.paroquiabaixadabanheira.org\/index.php?rest_route=\/wp\/v2\/users\/3"}],"replies":[{"embeddable":true,"href":"https:\/\/coro.paroquiabaixadabanheira.org\/index.php?rest_route=%2Fwp%2Fv2%2Fcomments&post=2870"}],"version-history":[{"count":4,"href":"https:\/\/coro.paroquiabaixadabanheira.org\/index.php?rest_route=\/wp\/v2\/posts\/2870\/revisions"}],"predecessor-version":[{"id":2874,"href":"https:\/\/coro.paroquiabaixadabanheira.org\/index.php?rest_route=\/wp\/v2\/posts\/2870\/revisions\/2874"}],"wp:attachment":[{"href":"https:\/\/coro.paroquiabaixadabanheira.org\/index.php?rest_route=%2Fwp%2Fv2%2Fmedia&parent=2870"}],"wp:term":[{"taxonomy":"category","embeddable":true,"href":"https:\/\/coro.paroquiabaixadabanheira.org\/index.php?rest_route=%2Fwp%2Fv2%2Fcategories&post=2870"},{"taxonomy":"post_tag","embeddable":true,"href":"https:\/\/coro.paroquiabaixadabanheira.org\/index.php?rest_route=%2Fwp%2Fv2%2Ftags&post=2870"}],"curies":[{"name":"wp","href":"https:\/\/api.w.org\/{rel}","templated":true}]}}