{"id":2875,"date":"2018-12-03T00:23:23","date_gmt":"2018-12-03T00:23:23","guid":{"rendered":"http:\/\/coro.paroquiabaixadabanheira.org\/?p=2875"},"modified":"2018-12-03T00:23:23","modified_gmt":"2018-12-03T00:23:23","slug":"solenidade-imaculada-conceicao-da-virgem-santa-maria-4","status":"publish","type":"post","link":"https:\/\/coro.paroquiabaixadabanheira.org\/?p=2875","title":{"rendered":"Solenidade Imaculada Concei\u00e7\u00e3o da Virgem Santa Maria"},"content":{"rendered":"<p><strong>C\u00e2nticos para a Solenidade da Imaculada Concei\u00e7\u00e3o \u2013 Ano\u00a0C<\/strong><strong>\u00a0<\/strong>(<a href=\"http:\/\/www.liturgia.pt\/santos\/santo_v.php?cod_santo=210\">Liturgia<\/a>)<\/p>\n<p>O dogma da Imaculada Concei\u00e7\u00e3o de Maria foi proclamado a 8 de dezembro de 1854, atrav\u00e9s da bula \u2018Ineffabilis Deus\u2019, a qual declara a santidade da Virgem Santa Maria desde o primeiro momento da sua exist\u00eancia, sendo preservada do pecado original. \u201cEla \u00e9 o \u00fanico o\u00e1sis sempre verde da humanidade, a \u00fanica incontaminada, criada imaculada para acolher plenamente, com o seu \u2018sim\u2019, Deus que vinha ao mundo, iniciando assim uma hist\u00f3ria nova\u201d\u00a0<em>(Papa Francisco)<\/em><\/p>\n<p><strong>O ensaio ser\u00e1 realizado 3\u00bafeira, dia 04 de Dezembro, pelas 21 horas.<\/strong><\/p>\n<ul>\n<li>Entrada:\u00a0<a href=\"http:\/\/coro.paroquiabaixadabanheira.org\/reportorio\/maria\/exulto.de.alegria.no.senhor.pdf\">Exulto de Alegria no Senhor<\/a> ou <a href=\"http:\/\/coro.paroquiabaixadabanheira.org\/reportorio\/maria\/a.virgem.cheia.de.graca.pdf\">\u00c0\u00a0Virgem cheia de gra\u00e7a<\/a><\/li>\n<li>Gl\u00f3ria:\u00a0<a href=\"http:\/\/coro.paroquiabaixadabanheira.org\/reportorio\/gloria\/gloria.2.vozes.pdf\">Gloria 2 Vozes<\/a><\/li>\n<li>Salmo\u00a097(98) <a href=\"http:\/\/www.liturgia.pt\/multimedia\/mp3\/SalmosResponsoriais\/215_St_Imaculada_Cantai_um_cantico_novo.mp3\"><em>\u201dCantai ao Senhor um c\u00e2ntico novo! O\u00a0Senhor fez maravilhas. <\/em><\/a>\u201c<\/li>\n<li>Aclama\u00e7\u00e3o ao Evangelho: <a href=\"http:\/\/coro.paroquiabaixadabanheira.org\/reportorio\/maria\/aleluia.imaculada.conceicao.pdf\">Aleluia Imaculada Concei\u00e7\u00e3o<\/a><\/li>\n<li>Ladainhas:\u00a0<a href=\"http:\/\/coro.paroquiabaixadabanheira.org\/reportorio\/pascoa\/ladainhas.pdf\">Ladainhas<\/a>\u00a0<a href=\"http:\/\/coro.paroquiabaixadabanheira.org\/reportorio\/maria\/ladainha.da.virgem.maria.pdf\">(Virgem Maria)<\/a><\/li>\n<li>Ora\u00e7\u00e3o dos Fi\u00e9is: <a href=\"http:\/\/coro.paroquiabaixadabanheira.org\/reportorio\/aclamacao\/oracao.universal.pdf\">Respostas<\/a>\u00a0(numero 28)<\/li>\n<li>B\u00ean\u00e7\u00e3o das Gr\u00e1vidas: <a href=\"http:\/\/coro.paroquiabaixadabanheira.org\/reportorio\/maria\/nossa.senhora.do.sim.pdf\">Nossa Senhora do Sim<\/a><\/li>\n<li>Apresenta\u00e7\u00e3o dos Dons: <a href=\"http:\/\/coro.paroquiabaixadabanheira.org\/reportorio\/maria\/nossa.senhora.do.sim.pdf\">Nossa Senhora do Sim<\/a><\/li>\n<li>Santo: <a href=\"http:\/\/coro.paroquiabaixadabanheira.org\/reportorio\/santo\/santo.leonel.claro.pdf\">Santo (L. Claro)<\/a><\/li>\n<li>Cordeiro: <a href=\"http:\/\/coro.paroquiabaixadabanheira.org\/reportorio\/cordeiro\/cordeiro.de.deus.fernande.silva.pdf\">Cordeiro (Fernandes Silva)<\/a><\/li>\n<li>Comunh\u00e3o: \u00a0<a href=\"http:\/\/coro.paroquiabaixadabanheira.org\/reportorio\/advento\/e.celebrada.a.vossa.gloria.pdf\">\u00c9 celebrada a vossa gl\u00f3ria<\/a><\/li>\n<li>Ac\u00e7\u00e3o de Gra\u00e7as: <a href=\"http:\/\/coro.paroquiabaixadabanheira.org\/reportorio\/maria\/bendita.seja.virgem.maria.pdf\">Bendita Seja Virgem Maria<\/a>\u00a0ou <a href=\"http:\/\/coro.paroquiabaixadabanheira.org\/reportorio\/maria\/magnificat.pdf\">Magnificat<\/a><\/li>\n<li>Final: <a href=\"http:\/\/coro.paroquiabaixadabanheira.org\/reportorio\/maria\/tu.es.a.gloria.de.jerusalem.pdf\">Tu \u00e9s a gloria de Jerusal\u00e9m<\/a><\/li>\n<\/ul>\n","protected":false},"excerpt":{"rendered":"<p>C\u00e2nticos para a Solenidade da Imaculada Concei\u00e7\u00e3o \u2013 Ano\u00a0C\u00a0(Liturgia) O dogma da Imaculada Concei\u00e7\u00e3o de Maria foi proclamado a 8 de dezembro de 1854, atrav\u00e9s da bula \u2018Ineffabilis Deus\u2019, a qual declara a santidade da Virgem Santa Maria desde o &hellip;<\/p>\n<p class=\"read-more\"> <a class=\"more-link\" href=\"https:\/\/coro.paroquiabaixadabanheira.org\/?p=2875\"> <span class=\"screen-reader-text\">Solenidade Imaculada Concei\u00e7\u00e3o da Virgem Santa Maria<\/span> Read More &raquo;<\/a><\/p>\n","protected":false},"author":3,"featured_media":0,"comment_status":"open","ping_status":"open","sticky":false,"template":"","format":"standard","meta":{"footnotes":""},"categories":[3],"tags":[],"class_list":["post-2875","post","type-post","status-publish","format-standard","hentry","category-ensaios"],"_links":{"self":[{"href":"https:\/\/coro.paroquiabaixadabanheira.org\/index.php?rest_route=\/wp\/v2\/posts\/2875","targetHints":{"allow":["GET"]}}],"collection":[{"href":"https:\/\/coro.paroquiabaixadabanheira.org\/index.php?rest_route=\/wp\/v2\/posts"}],"about":[{"href":"https:\/\/coro.paroquiabaixadabanheira.org\/index.php?rest_route=\/wp\/v2\/types\/post"}],"author":[{"embeddable":true,"href":"https:\/\/coro.paroquiabaixadabanheira.org\/index.php?rest_route=\/wp\/v2\/users\/3"}],"replies":[{"embeddable":true,"href":"https:\/\/coro.paroquiabaixadabanheira.org\/index.php?rest_route=%2Fwp%2Fv2%2Fcomments&post=2875"}],"version-history":[{"count":1,"href":"https:\/\/coro.paroquiabaixadabanheira.org\/index.php?rest_route=\/wp\/v2\/posts\/2875\/revisions"}],"predecessor-version":[{"id":2876,"href":"https:\/\/coro.paroquiabaixadabanheira.org\/index.php?rest_route=\/wp\/v2\/posts\/2875\/revisions\/2876"}],"wp:attachment":[{"href":"https:\/\/coro.paroquiabaixadabanheira.org\/index.php?rest_route=%2Fwp%2Fv2%2Fmedia&parent=2875"}],"wp:term":[{"taxonomy":"category","embeddable":true,"href":"https:\/\/coro.paroquiabaixadabanheira.org\/index.php?rest_route=%2Fwp%2Fv2%2Fcategories&post=2875"},{"taxonomy":"post_tag","embeddable":true,"href":"https:\/\/coro.paroquiabaixadabanheira.org\/index.php?rest_route=%2Fwp%2Fv2%2Ftags&post=2875"}],"curies":[{"name":"wp","href":"https:\/\/api.w.org\/{rel}","templated":true}]}}