{"id":2878,"date":"2018-12-05T23:57:49","date_gmt":"2018-12-05T23:57:49","guid":{"rendered":"http:\/\/coro.paroquiabaixadabanheira.org\/?p=2878"},"modified":"2018-12-06T00:04:55","modified_gmt":"2018-12-06T00:04:55","slug":"domingo-ii-do-advento-ano-c","status":"publish","type":"post","link":"https:\/\/coro.paroquiabaixadabanheira.org\/?p=2878","title":{"rendered":"Domingo II do Advento (Ano C)"},"content":{"rendered":"<p><strong>C\u00e2nticos para\u00a0o\u00a0II Domingo do\u00a0Advento\u2013 Ano\u00a0C<\/strong>\u00a0(<a href=\"http:\/\/www.liturgia.pt\/liturgiadiaria\/dia.php?data=2018-12-9\">Liturgia<\/a>)<\/p>\n<ul>\n<li>Entrada: <a href=\"http:\/\/coro.paroquiabaixadabanheira.org\/reportorio\/advento\/preparai.os.caminhos.pdf\">Preparai os caminhos do Senhor<\/a><\/li>\n<li>Coroa do Advento: <a href=\"http:\/\/coro.paroquiabaixadabanheira.org\/reportorio\/advento\/vem.senhor.jesus.pdf\">Vem Senhor Jesus<\/a><\/li>\n<li>Acto Penitencial: <a href=\"http:\/\/coro.paroquiabaixadabanheira.org\/reportorio\/penitencial\/kyrie.10.pdf\">kyrie 10<\/a><\/li>\n<li>Salmo\u00a0125 (126)\u00a0<a href=\"http:\/\/www.liturgia.pt\/multimedia\/mp3\/SalmosResponsoriais\/121_Adv02CIIDom-OSenhorFezMaravilhas.mp3\"><em>\u201d O Senhor fez maravilhas em favor do seu povo\u201d<\/em><\/a><\/li>\n<li>Aclama\u00e7\u00e3o ao Evangelho: <a href=\"http:\/\/coro.paroquiabaixadabanheira.org\/reportorio\/aclama\/aleluia.carlos.silva2.pdf\">Aleluia (Carlos Silva 2)<\/a>\u00a0 <strong>\u201cPreparai o caminho do Senhor, endireitai as suas veredas e toda a criatura ver\u00e1 a salva\u00e7\u00e3o de Deus\u201d<\/strong><strong>.<\/strong><\/li>\n<li>Apresenta\u00e7\u00e3o dos Dons: <a href=\"http:\/\/coro.paroquiabaixadabanheira.org\/reportorio\/advento\/uma.voz.clama.no.deserto.pdf\">Uma\u00a0voz clama no deserto<\/a><\/li>\n<li>Santo: <a href=\"http:\/\/coro.paroquiabaixadabanheira.org\/reportorio\/santo\/santo.leonel.claro.pdf\">Santo (L. Claro)<\/a><\/li>\n<li>Cordeiro: <a href=\"http:\/\/coro.paroquiabaixadabanheira.org\/reportorio\/cordeiro\/cordeiro.de.deus.fernande.silva.pdf\">Cordeiro (Fernandes Silva)<\/a><\/li>\n<li>Comunh\u00e3o: <a href=\"http:\/\/coro.paroquiabaixadabanheira.org\/reportorio\/advento\/exulta.de.gozo.pdf\">Exulta de Gozo, Jerusal\u00e9m<\/a><\/li>\n<li>Ac\u00e7\u00e3o de Gra\u00e7as: <a href=\"http:\/\/coro.paroquiabaixadabanheira.org\/reportorio\/advento\/ave.senhora.do.advento.pdf\">Av\u00e9, Senhora do Advento<\/a><\/li>\n<li>Final: <a href=\"http:\/\/coro.paroquiabaixadabanheira.org\/reportorio\/advento\/no.fim.dos.tempos.pdf\">No fim dos tempos<\/a>\u00a0ou <a href=\"http:\/\/coro.paroquiabaixadabanheira.org\/reportorio\/advento\/o.povo.jaz.pdf\">O Povo Jaz<\/a><\/li>\n<\/ul>\n<p>Trazer :<\/p>\n<ul>\n<li>Todas as musicas para a eucaristia da Imaculada Concei\u00e7\u00e3o<\/li>\n<\/ul>\n","protected":false},"excerpt":{"rendered":"<p>C\u00e2nticos para\u00a0o\u00a0II Domingo do\u00a0Advento\u2013 Ano\u00a0C\u00a0(Liturgia) Entrada: Preparai os caminhos do Senhor Coroa do Advento: Vem Senhor Jesus Acto Penitencial: kyrie 10 Salmo\u00a0125 (126)\u00a0\u201d O Senhor fez maravilhas em favor do seu povo\u201d Aclama\u00e7\u00e3o ao Evangelho: Aleluia (Carlos Silva 2)\u00a0 \u201cPreparai &hellip;<\/p>\n<p class=\"read-more\"> <a class=\"more-link\" href=\"https:\/\/coro.paroquiabaixadabanheira.org\/?p=2878\"> <span class=\"screen-reader-text\">Domingo II do Advento (Ano C)<\/span> Read More &raquo;<\/a><\/p>\n","protected":false},"author":3,"featured_media":0,"comment_status":"open","ping_status":"open","sticky":false,"template":"","format":"standard","meta":{"footnotes":""},"categories":[3],"tags":[],"class_list":["post-2878","post","type-post","status-publish","format-standard","hentry","category-ensaios"],"_links":{"self":[{"href":"https:\/\/coro.paroquiabaixadabanheira.org\/index.php?rest_route=\/wp\/v2\/posts\/2878","targetHints":{"allow":["GET"]}}],"collection":[{"href":"https:\/\/coro.paroquiabaixadabanheira.org\/index.php?rest_route=\/wp\/v2\/posts"}],"about":[{"href":"https:\/\/coro.paroquiabaixadabanheira.org\/index.php?rest_route=\/wp\/v2\/types\/post"}],"author":[{"embeddable":true,"href":"https:\/\/coro.paroquiabaixadabanheira.org\/index.php?rest_route=\/wp\/v2\/users\/3"}],"replies":[{"embeddable":true,"href":"https:\/\/coro.paroquiabaixadabanheira.org\/index.php?rest_route=%2Fwp%2Fv2%2Fcomments&post=2878"}],"version-history":[{"count":4,"href":"https:\/\/coro.paroquiabaixadabanheira.org\/index.php?rest_route=\/wp\/v2\/posts\/2878\/revisions"}],"predecessor-version":[{"id":2882,"href":"https:\/\/coro.paroquiabaixadabanheira.org\/index.php?rest_route=\/wp\/v2\/posts\/2878\/revisions\/2882"}],"wp:attachment":[{"href":"https:\/\/coro.paroquiabaixadabanheira.org\/index.php?rest_route=%2Fwp%2Fv2%2Fmedia&parent=2878"}],"wp:term":[{"taxonomy":"category","embeddable":true,"href":"https:\/\/coro.paroquiabaixadabanheira.org\/index.php?rest_route=%2Fwp%2Fv2%2Fcategories&post=2878"},{"taxonomy":"post_tag","embeddable":true,"href":"https:\/\/coro.paroquiabaixadabanheira.org\/index.php?rest_route=%2Fwp%2Fv2%2Ftags&post=2878"}],"curies":[{"name":"wp","href":"https:\/\/api.w.org\/{rel}","templated":true}]}}